{"id":2213,"date":"2022-09-21T09:22:26","date_gmt":"2022-09-21T12:22:26","guid":{"rendered":"https:\/\/infosports.com.ar\/web\/?p=2213"},"modified":"2022-09-21T09:22:26","modified_gmt":"2022-09-21T12:22:26","slug":"catriel-padres-indignados-por-la-pesima-organizacion-de-los-juegos-rionegrinos","status":"publish","type":"post","link":"https:\/\/infosports.com.ar\/web\/catriel-padres-indignados-por-la-pesima-organizacion-de-los-juegos-rionegrinos\/","title":{"rendered":"Catriel: padres indignados por la \u00abp\u00e9sima organizaci\u00f3n de los Juegos Rionegrinos\u00bb"},"content":{"rendered":"<p>Falta de \u00e1rbitros, de coordinadores, falta de agua, frutas, refrigerio, etc. Pero lo m\u00e1s lamentable dijeron, es que \u00ablos chicos que clasificaron para la pr\u00f3xima etapa no pudieron viajar por falta de transporte\u00bb.<!--more--><span id=\"more-166785\"><\/span><\/p>\n<p>Los padres hab\u00edan realizado las autorizaciones correspondientes en la polic\u00eda pero este martes lleg\u00f3 una comunicaci\u00f3n interna a las escuelas explicando que los zonales de Cinco Saltos y Pilcaniyeu se suspend\u00edan por \u201cfalta de transporte\u201d. Se desconoce si se reprogramar\u00e1n<\/p>\n<p>Alumnos de las Escuelas primarias 21, 204 y 218 ten\u00edan todo listo para viajar a Cinco Saltos (120 kms) el jueves 22 y no podr\u00e1n hacerlo debido a esta decisi\u00f3n tomada desde la Secretar\u00eda de Deportes de la provincia en el marco de los Juegos Rionegrinos 2022.<\/p>\n<p>\u201cNos da mucha bronca que jueguen de esta manera con la ilusi\u00f3n de los chicos. Este a\u00f1o, la organizaci\u00f3n fue lamentable\u201d, coment\u00f3 una madre<\/p>\n<p>Foto: (archivo Web)<\/p>\n","protected":false},"excerpt":{"rendered":"<p>Falta de \u00e1rbitros, de coordinadores, falta de agua, frutas, refrigerio, etc. Pero lo m\u00e1s lamentable dijeron, es que \u00ablos chicos que clasificaron para la pr\u00f3xima etapa no pudieron viajar por falta de transporte\u00bb.<\/p>\n","protected":false},"author":3,"featured_media":0,"comment_status":"open","ping_status":"open","sticky":false,"template":"","format":"standard","meta":{"_acf_changed":false,"footnotes":""},"categories":[],"tags":[],"class_list":["post-2213","post","type-post","status-publish","format-standard"],"acf":[],"aioseo_notices":[],"_links":{"self":[{"href":"https:\/\/infosports.com.ar\/web\/wp-json\/wp\/v2\/posts\/2213","targetHints":{"allow":["GET"]}}],"collection":[{"href":"https:\/\/infosports.com.ar\/web\/wp-json\/wp\/v2\/posts"}],"about":[{"href":"https:\/\/infosports.com.ar\/web\/wp-json\/wp\/v2\/types\/post"}],"author":[{"embeddable":true,"href":"https:\/\/infosports.com.ar\/web\/wp-json\/wp\/v2\/users\/3"}],"replies":[{"embeddable":true,"href":"https:\/\/infosports.com.ar\/web\/wp-json\/wp\/v2\/comments?post=2213"}],"version-history":[{"count":1,"href":"https:\/\/infosports.com.ar\/web\/wp-json\/wp\/v2\/posts\/2213\/revisions"}],"predecessor-version":[{"id":2215,"href":"https:\/\/infosports.com.ar\/web\/wp-json\/wp\/v2\/posts\/2213\/revisions\/2215"}],"wp:attachment":[{"href":"https:\/\/infosports.com.ar\/web\/wp-json\/wp\/v2\/media?parent=2213"}],"wp:term":[{"taxonomy":"category","embeddable":true,"href":"https:\/\/infosports.com.ar\/web\/wp-json\/wp\/v2\/categories?post=2213"},{"taxonomy":"post_tag","embeddable":true,"href":"https:\/\/infosports.com.ar\/web\/wp-json\/wp\/v2\/tags?post=2213"}],"curies":[{"name":"wp","href":"https:\/\/api.w.org\/{rel}","templated":true}]}}