{"id":2216,"date":"2022-09-21T12:06:53","date_gmt":"2022-09-21T15:06:53","guid":{"rendered":"https:\/\/infosports.com.ar\/web\/?p=2216"},"modified":"2022-09-21T12:06:53","modified_gmt":"2022-09-21T15:06:53","slug":"deportistas-veinticinquenos-seran-parte-de-los-paraepade-y-paraaraucania","status":"publish","type":"post","link":"https:\/\/infosports.com.ar\/web\/deportistas-veinticinquenos-seran-parte-de-los-paraepade-y-paraaraucania\/","title":{"rendered":"Deportistas Veinticinque\u00f1os ser\u00e1n parte de los ParaEpade y ParaAraucan\u00eda"},"content":{"rendered":"<div class=\"l7ghb35v kjdc1dyq kmwttqpk gh25dzvf jikcssrz n3t5jt4f\">\n<div dir=\"auto\">Cuatro deportistas de 25 de Mayo, integrantes de la Escuela Municipal de Deporte Adaptado, estar\u00e1n participando la semana entrante de dos competiciones muy importantes.<\/div>\n<div dir=\"auto\">Estamos hablando de los Juegos ParaEpade y los ParaAracuan\u00eda, que se realizar\u00e1n en la provincia de Chubut, mas precisamente en las ciudades de Esquel y Trevelin, a partir del 28 de septiembre pr\u00f3ximo.<\/div>\n<\/div>\n<p><!--more--><\/p>\n<div class=\"l7ghb35v kjdc1dyq kmwttqpk gh25dzvf jikcssrz n3t5jt4f\">\n<div dir=\"auto\">Los y las atletas que nos representar\u00e1n son, en Para Epade: Leticia Molina en lanzamiento de bala, 100 y 200 metros llanos.<\/div>\n<div dir=\"auto\"><\/div>\n<div dir=\"auto\">Andrea Mancilla en salto en largo, 100 y 200 metros llanos.<\/div>\n<div dir=\"auto\">ParaAraucan\u00eda: Tamara Mart\u00ednez lo har\u00e1 en 100, 200 y 400 metros llanos.<\/div>\n<div dir=\"auto\">Juan Pablo Aznarez en lanzamiento de bala y jabalina.<\/div>\n<div dir=\"auto\"><\/div>\n<\/div>\n<div dir=\"auto\"><a href=\"https:\/\/infosports.com.ar\/web\/wp-content\/uploads\/2022\/09\/305285713_456406816527691_2282906649226439682_n.jpg\"><img loading=\"lazy\" decoding=\"async\" class=\"alignnone size-medium wp-image-2217\" src=\"https:\/\/infosports.com.ar\/web\/wp-content\/uploads\/2022\/09\/305285713_456406816527691_2282906649226439682_n-300x246.jpg\" alt=\"\" width=\"300\" height=\"246\" \/><\/a><\/div>\n<div class=\"l7ghb35v kjdc1dyq kmwttqpk gh25dzvf jikcssrz n3t5jt4f\">\n<div dir=\"auto\"><\/div>\n<div dir=\"auto\">Este \u00faltimo es integrante de la selecci\u00f3n argentina de deporte adaptado, que concurri\u00f3 a los ParaPanemericanos de Lima, Per\u00fa, hab\u00eda logrado la clasificaci\u00f3n para los Juegos Ol\u00edmpicos de Tokyo, al que no pudo asistir por la pandemia del Covid-19 y su \u00faltima presentaci\u00f3n fue en el Open Internacional de Atletismo, en Concepci\u00f3n del Uruguay, donde se adjudic\u00f3 la medalla de oro en jabalina y la de plata en bala.<\/div>\n<div dir=\"auto\"><\/div>\n<div dir=\"auto\">Viajar\u00e1n en compa\u00f1\u00eda de la Coordinadora Zonal de Discapacidad, Lic. Florencia Portaluppi, entrenadora de estos deportistas.<\/div>\n<\/div>\n<div class=\"l7ghb35v kjdc1dyq kmwttqpk gh25dzvf jikcssrz n3t5jt4f\">\n<div dir=\"auto\">En la 4\u00ba edici\u00f3n de los ParaEpade, competir\u00e1n deportistas con discapacidad de las 6 provincias patag\u00f3nicas argentinas, en nataci\u00f3n, atletismo, boccia y b\u00e1squet sobre silla de ruedas.<\/div>\n<div dir=\"auto\"><\/div>\n<div dir=\"auto\">En la categor\u00eda que abarca de los 16 a 21 a\u00f1os lo har\u00e1n en atletismo y nataci\u00f3n adaptada y de las 16 a 25 a\u00f1os competir\u00e1n en boccia y b\u00e1squet 3&#215;3 adaptado.<\/div>\n<div dir=\"auto\">En tanto que para la 2\u00ba edici\u00f3n de la ParaAraucan\u00eda, se suman los atletas de las regiones chilenas de Ays\u00e9n, \u00d1ubl\u00e9 y B\u00edo B\u00edo y convoca a deportistas de 16 a\u00f1os en adelante.<\/div>\n<\/div>\n<div class=\"l7ghb35v kjdc1dyq kmwttqpk gh25dzvf jikcssrz n3t5jt4f\">\n<div dir=\"auto\">Sinceramente un gran desafi\u00f3, \u00e9xitos para los y las deportistas y para su profesora!!!!<\/div>\n<\/div>\n","protected":false},"excerpt":{"rendered":"<p>Cuatro deportistas de 25 de Mayo, integrantes de la Escuela Municipal de Deporte Adaptado, estar\u00e1n participando la semana entrante de dos competiciones muy importantes. Estamos hablando de los Juegos ParaEpade y los ParaAracuan\u00eda, que se realizar\u00e1n en la provincia de Chubut, mas precisamente en las ciudades de Esquel y Trevelin, a partir del 28 de [&hellip;]<\/p>\n","protected":false},"author":3,"featured_media":0,"comment_status":"open","ping_status":"open","sticky":false,"template":"","format":"standard","meta":{"_acf_changed":false,"footnotes":""},"categories":[],"tags":[],"class_list":["post-2216","post","type-post","status-publish","format-standard"],"acf":[],"aioseo_notices":[],"_links":{"self":[{"href":"https:\/\/infosports.com.ar\/web\/wp-json\/wp\/v2\/posts\/2216","targetHints":{"allow":["GET"]}}],"collection":[{"href":"https:\/\/infosports.com.ar\/web\/wp-json\/wp\/v2\/posts"}],"about":[{"href":"https:\/\/infosports.com.ar\/web\/wp-json\/wp\/v2\/types\/post"}],"author":[{"embeddable":true,"href":"https:\/\/infosports.com.ar\/web\/wp-json\/wp\/v2\/users\/3"}],"replies":[{"embeddable":true,"href":"https:\/\/infosports.com.ar\/web\/wp-json\/wp\/v2\/comments?post=2216"}],"version-history":[{"count":1,"href":"https:\/\/infosports.com.ar\/web\/wp-json\/wp\/v2\/posts\/2216\/revisions"}],"predecessor-version":[{"id":2219,"href":"https:\/\/infosports.com.ar\/web\/wp-json\/wp\/v2\/posts\/2216\/revisions\/2219"}],"wp:attachment":[{"href":"https:\/\/infosports.com.ar\/web\/wp-json\/wp\/v2\/media?parent=2216"}],"wp:term":[{"taxonomy":"category","embeddable":true,"href":"https:\/\/infosports.com.ar\/web\/wp-json\/wp\/v2\/categories?post=2216"},{"taxonomy":"post_tag","embeddable":true,"href":"https:\/\/infosports.com.ar\/web\/wp-json\/wp\/v2\/tags?post=2216"}],"curies":[{"name":"wp","href":"https:\/\/api.w.org\/{rel}","templated":true}]}}