{"id":2226,"date":"2022-09-26T10:30:00","date_gmt":"2022-09-26T13:30:00","guid":{"rendered":"https:\/\/infosports.com.ar\/web\/?p=2226"},"modified":"2022-09-26T10:30:00","modified_gmt":"2022-09-26T13:30:00","slug":"arde-el-torneo-como-quedo-la-tabla-tras-un-domingo-vibrante","status":"publish","type":"post","link":"https:\/\/infosports.com.ar\/web\/arde-el-torneo-como-quedo-la-tabla-tras-un-domingo-vibrante\/","title":{"rendered":"\u00a1Arde el torneo! C\u00f3mo qued\u00f3 la tabla tras un domingo vibrante"},"content":{"rendered":"<section class=\"body-content\" data-twitter-link=\"https:\/\/twitter.com\/intent\/tweet?url=https:\/\/www.lmneuquen.com\/c950445&amp;v\u00eda=lmneuquen&amp;related=LM Neuquen&amp;text=\" data-td-script-src=\"https:\/\/www.lmneuquen.com\/js-custom\/195\/v2\/jquery-3.6.0.min-min-version-1621517474.js,https:\/\/www.lmneuquen.com\/js-custom\/195\/v2\/functions\/function-embeds-min-version-1622559958.js\">Apasionante y emotivo final de campeonato se avecina. Hubo dos grandes ganadores en un domingo vibrante: Atl\u00e9tico Tucum\u00e1n, que venci\u00f3 3 a 1 a Estudiantes de local, pas\u00f3 a Boca y recuper\u00f3 la punta en soledad y Racing, que super\u00f3 2 a 1 a Uni\u00f3n en un partidazo y sigue prendido, a 4 unidades de la cima. El perdedor de la jornada fue Gimnasia, que cay\u00f3 1 a 0 con Tigre en su estadio, desperdici\u00f3 otra chance y ahora se ubica a 5 del l\u00edder.<\/p>\n<\/section>\n<p><!--more--><\/p>\n<div class=\"banner-wrapper\">\n<div class=\"banner-libre\"><center><\/p>\n<div id=\"eplAdDivNotasIN\"><\/div>\n<p><\/center><\/div>\n<\/div>\n<section class=\"body-content\" data-twitter-link=\"https:\/\/twitter.com\/intent\/tweet?url=https:\/\/www.lmneuquen.com\/c950445&amp;v\u00eda=lmneuquen&amp;related=LM Neuquen&amp;text=\" data-td-script-src=\"https:\/\/www.lmneuquen.com\/js-custom\/195\/v2\/jquery-3.6.0.min-min-version-1621517474.js,https:\/\/www.lmneuquen.com\/js-custom\/195\/v2\/functions\/function-embeds-min-version-1622559958.js\">En Tucum\u00e1n, a cancha llena, cuando el partido parec\u00eda decantar m\u00e1s a favor del visitante, lleg\u00f3 el gol del Decano: remate potente de Mateo Coronel a los 28\u2019 y la pelota se le escurri\u00f3 por debajo a Mariano And\u00fajar. Estudiantes no se achic\u00f3 y continu\u00f3 insistiendo, hasta que lleg\u00f3 la ley del ex: de cabeza, Leandro D\u00edaz puso el 1-1 a los 41 minutos.<\/p>\n<section class=\"body-content\" data-twitter-link=\"https:\/\/twitter.com\/intent\/tweet?url=https:\/\/www.lmneuquen.com\/c950445&amp;v\u00eda=lmneuquen&amp;related=LM Neuquen&amp;text=\" data-td-script-src=\"https:\/\/www.lmneuquen.com\/js-custom\/195\/v2\/jquery-3.6.0.min-min-version-1621517474.js,https:\/\/www.lmneuquen.com\/js-custom\/195\/v2\/functions\/function-embeds-min-version-1622559958.js\">En el complemento, a los 12\u2019, un pase largo de Nicol\u00e1s Romero a la espalda de Jorge Morel dej\u00f3 solito a Coronel, quien tir\u00f3 el pase al medio para Augusto Lotti y lleg\u00f3 el segundo del local.<\/p>\n<\/section>\n<section class=\"body-content\" data-twitter-link=\"https:\/\/twitter.com\/intent\/tweet?url=https:\/\/www.lmneuquen.com\/c950445&amp;v\u00eda=lmneuquen&amp;related=LM Neuquen&amp;text=\" data-td-script-src=\"https:\/\/www.lmneuquen.com\/js-custom\/195\/v2\/jquery-3.6.0.min-min-version-1621517474.js,https:\/\/www.lmneuquen.com\/js-custom\/195\/v2\/functions\/function-embeds-min-version-1622559958.js\">A 15 minutos del final, tras una falta dentro del \u00e1rea de Emanuel Mas contra Coronel, Lotti puso de penal el 3-1 para Atl\u00e9tico Tucum\u00e1n.<\/p>\n<p>Por su parte, en Avellaneda, Racing se subi\u00f3 al tercer escal\u00f3n de las posiciones en el Cilindro, donde empez\u00f3 perdiendo y lo dio vuelta sobre el final con un tanto del colombiano Johan Carbonero.<\/p>\n<p>En la pr\u00f3xima jornada se cruzar\u00e1n con la \u201cotra Academia\u201d, Rosario Central, nuevamente como locales.<\/p>\n<p>Racing sum\u00f3 su tercer triunfo consecutivo y tiene que jugar a\u00fan con el \u00fanico puntero.<\/p>\n<div id=\"875321-Libre-562132769_wrap\" class=\"embed_cont type_imagen\" contenteditable=\"false\">\n<div id=\"875321-Libre-562132769_content\" class=\"embed_content\"><img decoding=\"async\" id=\"875321-Libre-562132769_embed\" src=\"https:\/\/media.lmneuquen.com\/p\/0d1a5063f0232d64ccec45c4733b4159\/adjuntos\/195\/imagenes\/007\/290\/0007290627\/770x0\/smart\/imagepng.png\" alt=\"\" width=\"770\" height=\"\" data-td-src-property=\"https:\/\/media.lmneuquen.com\/p\/0d1a5063f0232d64ccec45c4733b4159\/adjuntos\/195\/imagenes\/007\/290\/0007290627\/770x0\/smart\/imagepng.png\" \/><\/div>\n<\/div>\n<p>En tanto, Gimnasia y Esgrima La Plata cay\u00f3 en casa por 1 a 0 ante Tigre y sum\u00f3 su segunda ca\u00edda al hilo, resultado que releg\u00f3 al \u201cLobo\u201d en su pelea por el t\u00edtulo.<\/p>\n<p>El delantero paraguayo Blas Armoa, asistido por Lucas Menossi, abri\u00f3 el marcador con un derechazo para el festejo del \u201cMatador\u201d de Victoria a los 30 minutos del primer tiempo. Asimismo, V\u00e9lez super\u00f3 1 a 0 a Baracas con gol de Bou y se alej\u00f3 del fondo.<\/p>\n<p><strong>La Tabla<\/strong><\/p>\n<p><strong>Equipo Pts PJ<\/strong><\/p>\n<p>Atl Tucum\u00e1n 41 21<\/p>\n<p>Boca 39 21<\/p>\n<p>Racing 37 21<\/p>\n<p>Hurac\u00e1n 37 21<\/p>\n<p>Gimnasia (LP) 36 21<\/p>\n<p>River 32 21<\/p>\n<p>Godoy Cruz 32 21<\/p>\n<p>Tigre 30 21<\/p>\n<p>Platense 30 21<\/p>\n<p>Argentinos 30 20<\/p>\n<p>Newell\u2019s 29 21<\/p>\n<p>Patronato 28 21<\/p>\n<p>Sarmiento (J) 28 21<\/p>\n<p>Def y Justicia 28 21<\/p>\n<p>San Lorenzo 27 21<\/p>\n<p>Independiente 27 21<\/p>\n<p>Estudiantes 27 21<\/p>\n<p>Barracas 27 21<\/p>\n<p>Uni\u00f3n 26 20<\/p>\n<p>Talleres (C) 25 20<\/p>\n<p>Banfield 25 21<\/p>\n<p>Rosario Central 25 21<\/p>\n<p>Central Cba 24 19<\/p>\n<p>Arsenal 23 21<\/p>\n<p>Col\u00f3n 19 20<\/p>\n<p>Lan\u00fas 17 21<\/p>\n<p>V\u00e9lez 16 20<\/p>\n<p>Aldosivi 13 20<\/p>\n<p><strong>\u00bfSe va Tevez de Central?<\/strong><\/p>\n<p>El director t\u00e9cnico de Rosario Central, Carlos Tevez, alert\u00f3 sobre su continuidad al frente del equipo en la conferencia de prensa posterior al empate en un gol de su equipo con Platense cuando advirti\u00f3 que esta semana se reunir\u00e1 con sus colaboradores \u201cpara definir los pasos a seguir\u201d.<\/p>\n<p>\u00bfChau Carlitos?<\/p>\n<\/section>\n<\/section>\n","protected":false},"excerpt":{"rendered":"<p>Apasionante y emotivo final de campeonato se avecina. Hubo dos grandes ganadores en un domingo vibrante: Atl\u00e9tico Tucum\u00e1n, que venci\u00f3 3 a 1 a Estudiantes de local, pas\u00f3 a Boca y recuper\u00f3 la punta en soledad y Racing, que super\u00f3 2 a 1 a Uni\u00f3n en un partidazo y sigue prendido, a 4 unidades de [&hellip;]<\/p>\n","protected":false},"author":3,"featured_media":0,"comment_status":"open","ping_status":"open","sticky":false,"template":"","format":"standard","meta":{"_acf_changed":false,"footnotes":""},"categories":[],"tags":[],"class_list":["post-2226","post","type-post","status-publish","format-standard"],"acf":[],"aioseo_notices":[],"_links":{"self":[{"href":"https:\/\/infosports.com.ar\/web\/wp-json\/wp\/v2\/posts\/2226","targetHints":{"allow":["GET"]}}],"collection":[{"href":"https:\/\/infosports.com.ar\/web\/wp-json\/wp\/v2\/posts"}],"about":[{"href":"https:\/\/infosports.com.ar\/web\/wp-json\/wp\/v2\/types\/post"}],"author":[{"embeddable":true,"href":"https:\/\/infosports.com.ar\/web\/wp-json\/wp\/v2\/users\/3"}],"replies":[{"embeddable":true,"href":"https:\/\/infosports.com.ar\/web\/wp-json\/wp\/v2\/comments?post=2226"}],"version-history":[{"count":1,"href":"https:\/\/infosports.com.ar\/web\/wp-json\/wp\/v2\/posts\/2226\/revisions"}],"predecessor-version":[{"id":2228,"href":"https:\/\/infosports.com.ar\/web\/wp-json\/wp\/v2\/posts\/2226\/revisions\/2228"}],"wp:attachment":[{"href":"https:\/\/infosports.com.ar\/web\/wp-json\/wp\/v2\/media?parent=2226"}],"wp:term":[{"taxonomy":"category","embeddable":true,"href":"https:\/\/infosports.com.ar\/web\/wp-json\/wp\/v2\/categories?post=2226"},{"taxonomy":"post_tag","embeddable":true,"href":"https:\/\/infosports.com.ar\/web\/wp-json\/wp\/v2\/tags?post=2226"}],"curies":[{"name":"wp","href":"https:\/\/api.w.org\/{rel}","templated":true}]}}