{"id":2229,"date":"2022-09-26T11:02:48","date_gmt":"2022-09-26T14:02:48","guid":{"rendered":"https:\/\/infosports.com.ar\/web\/?p=2229"},"modified":"2022-09-26T11:02:48","modified_gmt":"2022-09-26T14:02:48","slug":"kipchoge-volvio-a-batir-el-record-mundial-de-maraton","status":"publish","type":"post","link":"https:\/\/infosports.com.ar\/web\/kipchoge-volvio-a-batir-el-record-mundial-de-maraton\/","title":{"rendered":"Kipchoge volvi\u00f3 a batir el r\u00e9cord mundial de marat\u00f3n"},"content":{"rendered":"<section class=\"body-content\" data-twitter-link=\"https:\/\/twitter.com\/intent\/tweet?url=https:\/\/www.lmneuquen.com\/c950307&amp;v\u00eda=lmneuquen&amp;related=LM Neuquen&amp;text=\" data-td-script-src=\"https:\/\/www.lmneuquen.com\/js-custom\/195\/v2\/jquery-3.6.0.min-min-version-1621517474.js,https:\/\/www.lmneuquen.com\/js-custom\/195\/v2\/functions\/function-embeds-min-version-1622559958.js\">El keniata Eliud Kipchoge bati\u00f3 su propio r\u00e9cord mundial de marat\u00f3n el domingo, al ganar la carrera de Berl\u00edn con un tiempo de 2:01.09 para reducir en medio minuto su marca anterior, establecida en la capital alemana hace cuatro a\u00f1os.<\/p>\n<\/section>\n<p><!--more--><\/p>\n<section class=\"body-content\" data-twitter-link=\"https:\/\/twitter.com\/intent\/tweet?url=https:\/\/www.lmneuquen.com\/c950307&amp;v\u00eda=lmneuquen&amp;related=LM Neuquen&amp;text=\" data-td-script-src=\"https:\/\/www.lmneuquen.com\/js-custom\/195\/v2\/jquery-3.6.0.min-min-version-1621517474.js,https:\/\/www.lmneuquen.com\/js-custom\/195\/v2\/functions\/function-embeds-min-version-1622559958.js\">El atleta de 37 a\u00f1os, que ahora gan\u00f3 15 de los 17 maratones de su carrera, incluidos dos triunfos ol\u00edmpicos y 10 t\u00edtulos importantes, estaba en una clase propia, marcando un ritmo vertiginoso a lo largo del recorrido plano del centro de la ciudad en un d\u00eda nublado. para cimentar su estatus como el mejor corredor de marat\u00f3n de todos los tiempos.<\/p>\n<section class=\"body-content\" data-twitter-link=\"https:\/\/twitter.com\/intent\/tweet?url=https:\/\/www.lmneuquen.com\/c950307&amp;v\u00eda=lmneuquen&amp;related=LM Neuquen&amp;text=\" data-td-script-src=\"https:\/\/www.lmneuquen.com\/js-custom\/195\/v2\/jquery-3.6.0.min-min-version-1621517474.js,https:\/\/www.lmneuquen.com\/js-custom\/195\/v2\/functions\/function-embeds-min-version-1622559958.js\">&#8220;Estoy contento con mi preparaci\u00f3n y creo que fui muy r\u00e1pido gracias al trabajo en equipo&#8221;, dijo Kipchoge a Reuters. &#8220;Todo se debe al trabajo en equipo. Plane\u00e9 salir r\u00e1pido en la primera mitad. Pens\u00e9 en correr r\u00e1pido. Fue una actuaci\u00f3n maravillosa. Mis piernas y mi cuerpo todav\u00eda se sienten j\u00f3venes. Pero lo m\u00e1s importante es mi mente, y eso tambi\u00e9n se siente fresco y joven&#8221;, agreg\u00f3.<\/p>\n<\/section>\n<section class=\"body-content\" data-twitter-link=\"https:\/\/twitter.com\/intent\/tweet?url=https:\/\/www.lmneuquen.com\/c950307&amp;v\u00eda=lmneuquen&amp;related=LM Neuquen&amp;text=\" data-td-script-src=\"https:\/\/www.lmneuquen.com\/js-custom\/195\/v2\/jquery-3.6.0.min-min-version-1621517474.js,https:\/\/www.lmneuquen.com\/js-custom\/195\/v2\/functions\/function-embeds-min-version-1622559958.js\">\n<div id=\"embed4042_wrap\" class=\"embed_cont type_freetext\" contenteditable=\"false\" data-provider=\"Twitter\">\n<div id=\"embed4042_content\" class=\"embed_content\">\n<div id=\"embed4042_embed\">\n<div class=\"twitter-tweet twitter-tweet-rendered\"><iframe id=\"twitter-widget-0\" class=\"\" title=\"Twitter Tweet\" src=\"https:\/\/platform.twitter.com\/embed\/Tweet.html?creatorScreenName=LMNeuquen&amp;dnt=false&amp;embedId=twitter-widget-0&amp;features=eyJ0ZndfdGltZWxpbmVfbGlzdCI6eyJidWNrZXQiOlsibGlua3RyLmVlIiwidHIuZWUiLCJ0ZXJyYS5jb20uYnIiLCJ3d3cubGlua3RyLmVlIiwid3d3LnRyLmVlIiwid3d3LnRlcnJhLmNvbS5iciJdLCJ2ZXJzaW9uIjpudWxsfSwidGZ3X2hvcml6b25fdGltZWxpbmVfMTIwMzQiOnsiYnVja2V0IjoidHJlYXRtZW50IiwidmVyc2lvbiI6bnVsbH0sInRmd190d2VldF9lZGl0X2JhY2tlbmQiOnsiYnVja2V0Ijoib24iLCJ2ZXJzaW9uIjpudWxsfSwidGZ3X3JlZnNyY19zZXNzaW9uIjp7ImJ1Y2tldCI6Im9uIiwidmVyc2lvbiI6bnVsbH0sInRmd19jaGluX3BpbGxzXzE0NzQxIjp7ImJ1Y2tldCI6ImNvbG9yX2ljb25zIiwidmVyc2lvbiI6bnVsbH0sInRmd190d2VldF9yZXN1bHRfbWlncmF0aW9uXzEzOTc5Ijp7ImJ1Y2tldCI6InR3ZWV0X3Jlc3VsdCIsInZlcnNpb24iOm51bGx9LCJ0Zndfc2Vuc2l0aXZlX21lZGlhX2ludGVyc3RpdGlhbF8xMzk2MyI6eyJidWNrZXQiOiJpbnRlcnN0aXRpYWwiLCJ2ZXJzaW9uIjpudWxsfSwidGZ3X2V4cGVyaW1lbnRzX2Nvb2tpZV9leHBpcmF0aW9uIjp7ImJ1Y2tldCI6MTIwOTYwMCwidmVyc2lvbiI6bnVsbH0sInRmd19kdXBsaWNhdGVfc2NyaWJlc190b19zZXR0aW5ncyI6eyJidWNrZXQiOiJvbiIsInZlcnNpb24iOm51bGx9LCJ0ZndfdHdlZXRfZWRpdF9mcm9udGVuZCI6eyJidWNrZXQiOiJvZmYiLCJ2ZXJzaW9uIjpudWxsfX0%3D&amp;frame=false&amp;hideCard=false&amp;hideThread=false&amp;id=1574026987542388736&amp;lang=es&amp;origin=https%3A%2F%2Fwww.lmneuquen.com%2Fkipchoge-volvio-batir-el-record-mundial-maraton-n950307&amp;sessionId=ed4071cfec021ece3e282e2055e2521e43a48f4e&amp;siteScreenName=LMNeuquen&amp;theme=light&amp;widgetsVersion=1bfeb5c3714e8%3A1661975971032&amp;width=550px\" frameborder=\"0\" scrolling=\"no\" allowfullscreen=\"allowfullscreen\" data-tweet-id=\"1574026987542388736\" data-mce-fragment=\"1\"><\/iframe><\/div>\n<\/div>\n<\/div>\n<\/div>\n<p>El atleta keniata expres\u00f3 estar muy feliz de romper el r\u00e9cord mundial nuevamente, aunque dijo que seguir\u00e1 progresando para conseguir bajar las dos horas, una hito que logr\u00f3 en un exhibici\u00f3n con condiciones especiales como una auto con lasers que le marcaban el ritmo, acompa\u00f1antes de carrera y zapatillas especiales, algo que no est\u00e1 permitido en la pr\u00e1ctica profesional.<\/p>\n<p>Solo un pu\u00f1ado de corredores pudo seguir el ritmo de sus tiempos parciales de kil\u00f3metro por debajo de los tres minutos en las primeras etapas, junto con el grupo de marcapasos. Poco a poco se deshizo del ganador del a\u00f1o pasado, Guye Adola, pero su compatriota et\u00edope Andamlak Belihu se neg\u00f3 a ceder, incluso cuando llegaron a la mitad en menos de una hora. Belihu finalmente retrocedi\u00f3 alrededor de la marca del kil\u00f3metro 27 mientras Kipchoge buscaba el r\u00e9cord.<\/p>\n<p>El keniano, que retuvo su marca ol\u00edmpica en los Juegos de Tokio el a\u00f1o pasado, se hab\u00eda quedado corto por poco m\u00e1s de un minuto en su marca mundial en el marat\u00f3n de Tokio en marzo, pero no se le pod\u00eda negar en Berl\u00edn.<\/p>\n<\/section>\n<\/section>\n","protected":false},"excerpt":{"rendered":"<p>El keniata Eliud Kipchoge bati\u00f3 su propio r\u00e9cord mundial de marat\u00f3n el domingo, al ganar la carrera de Berl\u00edn con un tiempo de 2:01.09 para reducir en medio minuto su marca anterior, establecida en la capital alemana hace cuatro a\u00f1os.<\/p>\n","protected":false},"author":3,"featured_media":0,"comment_status":"open","ping_status":"open","sticky":false,"template":"","format":"standard","meta":{"_acf_changed":false,"footnotes":""},"categories":[],"tags":[],"class_list":["post-2229","post","type-post","status-publish","format-standard"],"acf":[],"aioseo_notices":[],"_links":{"self":[{"href":"https:\/\/infosports.com.ar\/web\/wp-json\/wp\/v2\/posts\/2229","targetHints":{"allow":["GET"]}}],"collection":[{"href":"https:\/\/infosports.com.ar\/web\/wp-json\/wp\/v2\/posts"}],"about":[{"href":"https:\/\/infosports.com.ar\/web\/wp-json\/wp\/v2\/types\/post"}],"author":[{"embeddable":true,"href":"https:\/\/infosports.com.ar\/web\/wp-json\/wp\/v2\/users\/3"}],"replies":[{"embeddable":true,"href":"https:\/\/infosports.com.ar\/web\/wp-json\/wp\/v2\/comments?post=2229"}],"version-history":[{"count":1,"href":"https:\/\/infosports.com.ar\/web\/wp-json\/wp\/v2\/posts\/2229\/revisions"}],"predecessor-version":[{"id":2231,"href":"https:\/\/infosports.com.ar\/web\/wp-json\/wp\/v2\/posts\/2229\/revisions\/2231"}],"wp:attachment":[{"href":"https:\/\/infosports.com.ar\/web\/wp-json\/wp\/v2\/media?parent=2229"}],"wp:term":[{"taxonomy":"category","embeddable":true,"href":"https:\/\/infosports.com.ar\/web\/wp-json\/wp\/v2\/categories?post=2229"},{"taxonomy":"post_tag","embeddable":true,"href":"https:\/\/infosports.com.ar\/web\/wp-json\/wp\/v2\/tags?post=2229"}],"curies":[{"name":"wp","href":"https:\/\/api.w.org\/{rel}","templated":true}]}}