{"id":2242,"date":"2022-09-27T10:53:19","date_gmt":"2022-09-27T13:53:19","guid":{"rendered":"https:\/\/infosports.com.ar\/web\/?p=2242"},"modified":"2022-09-27T10:53:19","modified_gmt":"2022-09-27T13:53:19","slug":"el-crc-sigue-de-racha-negativa-en-el-regional","status":"publish","type":"post","link":"https:\/\/infosports.com.ar\/web\/el-crc-sigue-de-racha-negativa-en-el-regional\/","title":{"rendered":"El CRC sigue de racha negativa en el Regional"},"content":{"rendered":"<p>El Catriel Rugby que ven\u00eda de dos excelentes torneos no puede salir de la racha negativa reciente en el Torneo Regional Patag\u00f3nico \u201ceje cordillerano\u201d.<!--more--><\/p>\n<p>Esta vez obedeciendo a la fecha 3 del campeonato, el CRC fue visitante ante Pehuenes RC, donde lamentablemente fue apabulladlo por el local 45-5. El encuentro en general estuvo plagado de situaciones para Pehuenes que supo desplegar sus l\u00edneas de la mejor manera, dejando a los Catrielenses desde temprano sin chances de romper el marcador. Los locales aportaron puntos sobre todo desde sus l\u00edneas abiertas apelando a la velocidad de los suyos.<\/p>\n<p>Ahora el CRC deber\u00e1 esperar al s\u00e1bado pr\u00f3ximo iniciando octubre en casa, cuando por la 4\u00b0 fecha reciba a Dinos de Cutral Co<\/p>\n","protected":false},"excerpt":{"rendered":"<p>El Catriel Rugby que ven\u00eda de dos excelentes torneos no puede salir de la racha negativa reciente en el Torneo Regional Patag\u00f3nico \u201ceje cordillerano\u201d.<\/p>\n","protected":false},"author":3,"featured_media":0,"comment_status":"open","ping_status":"open","sticky":false,"template":"","format":"standard","meta":{"_acf_changed":false,"footnotes":""},"categories":[],"tags":[],"class_list":["post-2242","post","type-post","status-publish","format-standard"],"acf":[],"aioseo_notices":[],"_links":{"self":[{"href":"https:\/\/infosports.com.ar\/web\/wp-json\/wp\/v2\/posts\/2242","targetHints":{"allow":["GET"]}}],"collection":[{"href":"https:\/\/infosports.com.ar\/web\/wp-json\/wp\/v2\/posts"}],"about":[{"href":"https:\/\/infosports.com.ar\/web\/wp-json\/wp\/v2\/types\/post"}],"author":[{"embeddable":true,"href":"https:\/\/infosports.com.ar\/web\/wp-json\/wp\/v2\/users\/3"}],"replies":[{"embeddable":true,"href":"https:\/\/infosports.com.ar\/web\/wp-json\/wp\/v2\/comments?post=2242"}],"version-history":[{"count":1,"href":"https:\/\/infosports.com.ar\/web\/wp-json\/wp\/v2\/posts\/2242\/revisions"}],"predecessor-version":[{"id":2244,"href":"https:\/\/infosports.com.ar\/web\/wp-json\/wp\/v2\/posts\/2242\/revisions\/2244"}],"wp:attachment":[{"href":"https:\/\/infosports.com.ar\/web\/wp-json\/wp\/v2\/media?parent=2242"}],"wp:term":[{"taxonomy":"category","embeddable":true,"href":"https:\/\/infosports.com.ar\/web\/wp-json\/wp\/v2\/categories?post=2242"},{"taxonomy":"post_tag","embeddable":true,"href":"https:\/\/infosports.com.ar\/web\/wp-json\/wp\/v2\/tags?post=2242"}],"curies":[{"name":"wp","href":"https:\/\/api.w.org\/{rel}","templated":true}]}}