{"id":2247,"date":"2022-09-27T12:30:11","date_gmt":"2022-09-27T15:30:11","guid":{"rendered":"https:\/\/infosports.com.ar\/web\/?p=2247"},"modified":"2022-09-27T12:30:11","modified_gmt":"2022-09-27T15:30:11","slug":"con-presencia-catrielense-el-bardas-run-arriba-a-la-isla-jordan","status":"publish","type":"post","link":"https:\/\/infosports.com.ar\/web\/con-presencia-catrielense-el-bardas-run-arriba-a-la-isla-jordan\/","title":{"rendered":"Con presencia Catrielense el &#8220;Bardas Run&#8221; arriba a la Isla Jord\u00e1n"},"content":{"rendered":"<section class=\"body-content\" data-twitter-link=\"https:\/\/twitter.com\/intent\/tweet?url=https:\/\/www.lmcipolletti.com\/c950575&amp;v\u00eda=lmneuquen&amp;related=LMCipolletti.com&amp;text=\" data-td-script-src=\"https:\/\/www.lmcipolletti.com\/js-custom\/198\/v2\/jquery-3.6.0.min-min-version-1621525305.js,https:\/\/www.lmcipolletti.com\/js-custom\/198\/v2\/functions\/function-embeds-min-version-1621525305.js\">\n<p dir=\"ltr\">La Municipalidad de Cipolletti inform\u00f3 a la comunidad que el jueves 29 de septiembre se realizar\u00e1 el lanzamiento del Bardas Run edici\u00f3n 2022. La competencia se realizar\u00e1 el 2 de octubre en la margen sur del r\u00edo Negro en Isla Jord\u00e1n y ser\u00e1 la segunda edici\u00f3n de este evento, el cual inici\u00f3 la temporada en Neuqu\u00e9n, donde varios Catrielenses y Veinticinque\u00f1os dieron el presente con podios incluidos.<\/p>\n<\/section>\n<p><!--more--><\/p>\n<section class=\"body-content\" data-twitter-link=\"https:\/\/twitter.com\/intent\/tweet?url=https:\/\/www.lmcipolletti.com\/c950575&amp;v\u00eda=lmneuquen&amp;related=LMCipolletti.com&amp;text=\" data-td-script-src=\"https:\/\/www.lmcipolletti.com\/js-custom\/198\/v2\/jquery-3.6.0.min-min-version-1621525305.js,https:\/\/www.lmcipolletti.com\/js-custom\/198\/v2\/functions\/function-embeds-min-version-1621525305.js\">\n<section class=\"body-content\" data-twitter-link=\"https:\/\/twitter.com\/intent\/tweet?url=https:\/\/www.lmcipolletti.com\/c950575&amp;v\u00eda=lmneuquen&amp;related=LMCipolletti.com&amp;text=\" data-td-script-src=\"https:\/\/www.lmcipolletti.com\/js-custom\/198\/v2\/jquery-3.6.0.min-min-version-1621525305.js,https:\/\/www.lmcipolletti.com\/js-custom\/198\/v2\/functions\/function-embeds-min-version-1621525305.js\">\n<p dir=\"ltr\">La tradicional carrera, en tanto, se desarrollar\u00e1 el 2 de octubre desde las 9.30 horas y tendr\u00e1 diferentes distancias para recorrer. De esta manera, los participantes podr\u00e1n inscribirse en las pruebas de senderos sobre la barda de 5 km, 10 km y 21 km.<\/p>\n<p dir=\"ltr\">Entre los inscriptos, por el lado de Catriel figuran el corredor de la Selecci\u00f3n Nacional de Trail Running, Jes\u00fas Aguero, adem\u00e1s de Ra\u00fal Rivero, Oscar Garro, Arancibia, entre otros.<\/p>\n<\/section>\n<section class=\"body-content\" data-twitter-link=\"https:\/\/twitter.com\/intent\/tweet?url=https:\/\/www.lmcipolletti.com\/c950575&amp;v\u00eda=lmneuquen&amp;related=LMCipolletti.com&amp;text=\" data-td-script-src=\"https:\/\/www.lmcipolletti.com\/js-custom\/198\/v2\/jquery-3.6.0.min-min-version-1621525305.js,https:\/\/www.lmcipolletti.com\/js-custom\/198\/v2\/functions\/function-embeds-min-version-1621525305.js\">\n<p dir=\"ltr\">La inscripci\u00f3n se puede realizar a trav\u00e9s de la p\u00e1gina web oficial\u00a0<a href=\"http:\/\/www.bardasrun.com.ar\/web\" target=\"_blank\" rel=\"noopener\" data-saferedirecturl=\"https:\/\/www.google.com\/url?q=http:\/\/www.bardasrun.com.ar&amp;source=gmail&amp;ust=1664288113439000&amp;usg=AOvVaw3s4HBvqUYikBFtAw4ZoGFt\">www.bardasrun.com.ar<\/a>\u00a0completando obligatoriamente el formulario.<\/p>\n<p dir=\"ltr\">Habr\u00e1 medalla de finalista a todos los que crucen la meta, remera de ganador, trofeos o medallas para 1\u00b0, 2\u00b0 y 3\u00b0 de cada categor\u00eda.<\/p>\n<\/section>\n<\/section>\n","protected":false},"excerpt":{"rendered":"<p>La Municipalidad de Cipolletti inform\u00f3 a la comunidad que el jueves 29 de septiembre se realizar\u00e1 el lanzamiento del Bardas Run edici\u00f3n 2022. La competencia se realizar\u00e1 el 2 de octubre en la margen sur del r\u00edo Negro en Isla Jord\u00e1n y ser\u00e1 la segunda edici\u00f3n de este evento, el cual inici\u00f3 la temporada en [&hellip;]<\/p>\n","protected":false},"author":3,"featured_media":0,"comment_status":"open","ping_status":"open","sticky":false,"template":"","format":"standard","meta":{"_acf_changed":false,"footnotes":""},"categories":[],"tags":[],"class_list":["post-2247","post","type-post","status-publish","format-standard"],"acf":[],"aioseo_notices":[],"_links":{"self":[{"href":"https:\/\/infosports.com.ar\/web\/wp-json\/wp\/v2\/posts\/2247","targetHints":{"allow":["GET"]}}],"collection":[{"href":"https:\/\/infosports.com.ar\/web\/wp-json\/wp\/v2\/posts"}],"about":[{"href":"https:\/\/infosports.com.ar\/web\/wp-json\/wp\/v2\/types\/post"}],"author":[{"embeddable":true,"href":"https:\/\/infosports.com.ar\/web\/wp-json\/wp\/v2\/users\/3"}],"replies":[{"embeddable":true,"href":"https:\/\/infosports.com.ar\/web\/wp-json\/wp\/v2\/comments?post=2247"}],"version-history":[{"count":1,"href":"https:\/\/infosports.com.ar\/web\/wp-json\/wp\/v2\/posts\/2247\/revisions"}],"predecessor-version":[{"id":2249,"href":"https:\/\/infosports.com.ar\/web\/wp-json\/wp\/v2\/posts\/2247\/revisions\/2249"}],"wp:attachment":[{"href":"https:\/\/infosports.com.ar\/web\/wp-json\/wp\/v2\/media?parent=2247"}],"wp:term":[{"taxonomy":"category","embeddable":true,"href":"https:\/\/infosports.com.ar\/web\/wp-json\/wp\/v2\/categories?post=2247"},{"taxonomy":"post_tag","embeddable":true,"href":"https:\/\/infosports.com.ar\/web\/wp-json\/wp\/v2\/tags?post=2247"}],"curies":[{"name":"wp","href":"https:\/\/api.w.org\/{rel}","templated":true}]}}