{"id":2256,"date":"2022-09-27T23:46:13","date_gmt":"2022-09-28T02:46:13","guid":{"rendered":"https:\/\/infosports.com.ar\/web\/?p=2256"},"modified":"2022-09-28T11:47:42","modified_gmt":"2022-09-28T14:47:42","slug":"oficial-scaloni-seguira-siendo-el-tecnico-de-la-seleccion-argentina-hasta-2026","status":"publish","type":"post","link":"https:\/\/infosports.com.ar\/web\/oficial-scaloni-seguira-siendo-el-tecnico-de-la-seleccion-argentina-hasta-2026\/","title":{"rendered":"Oficial: Scaloni seguir\u00e1 siendo el t\u00e9cnico de la Selecci\u00f3n Argentina hasta 2026"},"content":{"rendered":"<section class=\"body-content\" data-twitter-link=\"https:\/\/twitter.com\/intent\/tweet?url=https:\/\/www.lmneuquen.com\/c951333&amp;v\u00eda=lmneuquen&amp;related=LM Neuquen&amp;text=\" data-td-script-src=\"https:\/\/www.lmneuquen.com\/js-custom\/195\/v2\/jquery-3.6.0.min-min-version-1621517491.js,https:\/\/www.lmneuquen.com\/js-custom\/195\/v2\/functions\/function-embeds-min-version-1622559975.js\">Luego de que\u00a0<strong><a href=\"https:\/\/www.lmneuquen.com\/videos-entro-messi-hizo-2-goles-un-ratito-y-argentina-goleo-jamaica-n951142\" target=\"_blank\" rel=\"follow noopener\">la Selecci\u00f3n Argentina goleara por 3-0 a Jamaica<\/a><\/strong>\u00a0en Red Bull Arena de Nueva Jersey, se confirm\u00f3 que\u00a0<strong>Lionel Scaloni<\/strong>, cuyo contrato con la Albiceleste finalizaba en diciembre,<strong>\u00a0continuar\u00e1 al mando del combinado nacional hasta 2026,\u00a0<\/strong>a\u00f1o en el que se jugar\u00e1 el Mundial de Canad\u00e1, Estados Unidos y M\u00e9xico.<\/section>\n<p><!--more--><\/p>\n<div class=\"banner-wrapper\">\n<div class=\"banner-libre\">\n<p>&nbsp;<\/p>\n<div id=\"eplAdDivNotasIN\"><\/div>\n<p>&nbsp;<\/p>\n<\/div>\n<\/div>\n<section class=\"body-content\" data-twitter-link=\"https:\/\/twitter.com\/intent\/tweet?url=https:\/\/www.lmneuquen.com\/c951333&amp;v\u00eda=lmneuquen&amp;related=LM Neuquen&amp;text=\" data-td-script-src=\"https:\/\/www.lmneuquen.com\/js-custom\/195\/v2\/jquery-3.6.0.min-min-version-1621517491.js,https:\/\/www.lmneuquen.com\/js-custom\/195\/v2\/functions\/function-embeds-min-version-1622559975.js\"><strong>&#8220;Me enorgullece contarles que hemos arreglado la continuidad de Lionel Scaloni como DT de Argentina hasta el mundial de 2026. Seguimos apostando al proyecto integral de selecciones. Hay Scaloneta para rato!!&#8221;<\/strong>, anunci\u00f3 Claudio Tapia a trav\u00e9s de su cuenta de Twitter, minutos despu\u00e9s de que Messi y compa\u00f1\u00eda vapulearan a los Reggae Boyz.<\/section>\n<section class=\"body-content\" data-twitter-link=\"https:\/\/twitter.com\/intent\/tweet?url=https:\/\/www.lmneuquen.com\/c951333&amp;v\u00eda=lmneuquen&amp;related=LM Neuquen&amp;text=\" data-td-script-src=\"https:\/\/www.lmneuquen.com\/js-custom\/195\/v2\/jquery-3.6.0.min-min-version-1621517491.js,https:\/\/www.lmneuquen.com\/js-custom\/195\/v2\/functions\/function-embeds-min-version-1622559975.js\">En conferencia de prensa, el entrenador hab\u00eda adelantado que tuvo conversaciones con el presidente de la AFA para conversar sobre su continuidad: &#8220;Tengo ganas de seguir, \u00bfQui\u00e9n no quiere hacerlo en la Selecci\u00f3n Argentina?\u00a0<strong>Con el presidente tengo la mejor relaci\u00f3n, estuvimos reunidos hoy, est\u00e1 todo encaminado.<\/strong>\u00a0Hay cosas para aceitar pero las ganas y la predisposici\u00f3n est\u00e1n, y m\u00e1s con un grupo que se brinda de esta manera&#8221;.<\/section>\n<section class=\"body-content\" data-twitter-link=\"https:\/\/twitter.com\/intent\/tweet?url=https:\/\/www.lmneuquen.com\/c951333&amp;v\u00eda=lmneuquen&amp;related=LM Neuquen&amp;text=\" data-td-script-src=\"https:\/\/www.lmneuquen.com\/js-custom\/195\/v2\/jquery-3.6.0.min-min-version-1621517491.js,https:\/\/www.lmneuquen.com\/js-custom\/195\/v2\/functions\/function-embeds-min-version-1622559975.js\"><strong>&#8220;Es b\u00e1sico y fundamental no depender tanto de los resultados, que creo que es lo que ha cambiado, sino no estar\u00eda ac\u00e1 y no estar\u00edamos hablando de esta situaci\u00f3n.<\/strong>\u00a0Las cosas pueden salir mal pero no todo estar mal porque un resultado es adverso. Es importante que ese mensaje de haya captado. Soy agradecido al presidente y la gente que nos brind\u00f3 el apoyo hasta el \u00faltimo d\u00eda, va a estar con nosotros. Que sea lo que tenga que ser en el Mundial, pero vamos a dejar hasta la \u00faltima gota de sudor&#8221;, agreg\u00f3.<\/p>\n<div id=\"embed13_wrap\" class=\"embed_cont type_freetext\" contenteditable=\"false\" data-provider=\"Twitter\">\n<div id=\"embed13_content\" class=\"embed_content\">\n<div id=\"embed13_embed\">\n<div class=\"twitter-tweet twitter-tweet-rendered\"><iframe id=\"twitter-widget-0\" class=\"\" title=\"Twitter Tweet\" src=\"https:\/\/platform.twitter.com\/embed\/Tweet.html?creatorScreenName=LMNeuquen&amp;dnt=false&amp;embedId=twitter-widget-0&amp;features=eyJ0ZndfdGltZWxpbmVfbGlzdCI6eyJidWNrZXQiOlsibGlua3RyLmVlIiwidHIuZWUiLCJ0ZXJyYS5jb20uYnIiLCJ3d3cubGlua3RyLmVlIiwid3d3LnRyLmVlIiwid3d3LnRlcnJhLmNvbS5iciJdLCJ2ZXJzaW9uIjpudWxsfSwidGZ3X2hvcml6b25fdGltZWxpbmVfMTIwMzQiOnsiYnVja2V0IjoidHJlYXRtZW50IiwidmVyc2lvbiI6bnVsbH0sInRmd190d2VldF9lZGl0X2JhY2tlbmQiOnsiYnVja2V0Ijoib24iLCJ2ZXJzaW9uIjpudWxsfSwidGZ3X3JlZnNyY19zZXNzaW9uIjp7ImJ1Y2tldCI6Im9uIiwidmVyc2lvbiI6bnVsbH0sInRmd19jaGluX3BpbGxzXzE0NzQxIjp7ImJ1Y2tldCI6ImNvbG9yX2ljb25zIiwidmVyc2lvbiI6bnVsbH0sInRmd190d2VldF9yZXN1bHRfbWlncmF0aW9uXzEzOTc5Ijp7ImJ1Y2tldCI6InR3ZWV0X3Jlc3VsdCIsInZlcnNpb24iOm51bGx9LCJ0Zndfc2Vuc2l0aXZlX21lZGlhX2ludGVyc3RpdGlhbF8xMzk2MyI6eyJidWNrZXQiOiJpbnRlcnN0aXRpYWwiLCJ2ZXJzaW9uIjpudWxsfSwidGZ3X2V4cGVyaW1lbnRzX2Nvb2tpZV9leHBpcmF0aW9uIjp7ImJ1Y2tldCI6MTIwOTYwMCwidmVyc2lvbiI6bnVsbH0sInRmd19kdXBsaWNhdGVfc2NyaWJlc190b19zZXR0aW5ncyI6eyJidWNrZXQiOiJvbiIsInZlcnNpb24iOm51bGx9LCJ0ZndfdHdlZXRfZWRpdF9mcm9udGVuZCI6eyJidWNrZXQiOiJvZmYiLCJ2ZXJzaW9uIjpudWxsfX0%3D&amp;frame=false&amp;hideCard=false&amp;hideThread=false&amp;id=1574957118293442560&amp;lang=es&amp;origin=https%3A%2F%2Fwww.lmneuquen.com%2Foficial-scaloni-seguira-siendo-el-tecnico-la-seleccion-argentina-2026-n951333&amp;sessionId=daf85d1440cba42c6b8a509e8d13fd1476c18661&amp;siteScreenName=LMNeuquen&amp;theme=light&amp;widgetsVersion=1bfeb5c3714e8%3A1661975971032&amp;width=550px\" frameborder=\"0\" scrolling=\"no\" allowfullscreen=\"allowfullscreen\" data-tweet-id=\"1574957118293442560\" data-mce-fragment=\"1\"><\/iframe><\/div>\n<\/div>\n<\/div>\n<\/div>\n<p>Por su parte, algunos referentes del combinado nacional como\u00a0<strong>Rodrigo De Paul<\/strong>\u00a0se refirieron a la noticia que alegr\u00f3 a todos los fan\u00e1ticos de la Selecci\u00f3n: &#8220;No sab\u00eda lo de la renovaci\u00f3n. Nos pone muy felices, \u00e9l fue el que empez\u00f3 todo esto. Es muy importante.\u00a0<strong>Es la cabeza de este equipo y construy\u00f3 todo desde cero. Cuando empez\u00f3 el proceso hab\u00eda muchas dudas. Algunas eran l\u00f3gicas porque \u00e9ramos muchos nuevos y otras da\u00f1inas.<\/strong>\u00a0Logramos t\u00edtulos, el invicto, hay mucha ansiedad, pero hay que saber manejarla&#8221;.<\/p>\n<p><strong>&#8220;Lo conocemos y es un entrenador que est\u00e1 constantemente exigi\u00e9ndose a \u00e9l mismo y a nosotros para que el jugador que le toque jugar lo haga de la mejor manera. Es bueno que pueda continuar&#8221;<\/strong>, complement\u00f3 Nicol\u00e1s Otamendi.<\/p>\n<div id=\"embed83_wrap\" class=\"embed_cont type_freetext\" contenteditable=\"false\">\n<div id=\"embed83_content\" class=\"embed_content\">\n<div id=\"embed83_embed\"><iframe loading=\"lazy\" id=\"iFrameResizer0\" title=\"YouTube video player\" src=\"https:\/\/www.youtube.com\/embed\/N8OSHixICec\" width=\"560\" height=\"315\" frameborder=\"0\" scrolling=\"no\" allowfullscreen=\"allowfullscreen\" data-td-src-property=\"https:\/\/www.youtube.com\/embed\/N8OSHixICec\" data-mce-fragment=\"1\"><\/iframe><\/div>\n<\/div>\n<\/div>\n<p>&nbsp;<\/p>\n<p>En medio de muchas cr\u00edticas, Lionel Scaloni asumi\u00f3 como entrenador interino de la Albiceleste tras el Mundial de Rusia 2018 y meses despu\u00e9s fue ratificado en su cargo por el mismo Chiqui Tapia. Hoy,\u00a0<strong>el ex lateral derecho se convierte en el primer t\u00e9cnico de la Era Messi en completar el ciclo mundialista<\/strong>\u00a0(2018-2022).<\/p>\n<p><strong>El \u00faltimo DT de la Argentina que hab\u00eda logrado esta marca fue Marcelo Bielsa<\/strong>, quien estuvo al mando del combinado nacional desde 1998 hasta 2004 (estuvo en Corea-Jap\u00f3n 2002). Por otra parte,\u00a0<strong>Carlos Salvador Bilardo<\/strong>\u00a0hab\u00eda llegado a dos ciclos ciclos enteros, desde 1983 a 1990 (M\u00e9xico 1986 e Italia 1990).<\/p>\n<\/section>\n","protected":false},"excerpt":{"rendered":"<p>Luego de que\u00a0la Selecci\u00f3n Argentina goleara por 3-0 a Jamaica\u00a0en Red Bull Arena de Nueva Jersey, se confirm\u00f3 que\u00a0Lionel Scaloni, cuyo contrato con la Albiceleste finalizaba en diciembre,\u00a0continuar\u00e1 al mando del combinado nacional hasta 2026,\u00a0a\u00f1o en el que se jugar\u00e1 el Mundial de Canad\u00e1, Estados Unidos y M\u00e9xico.<\/p>\n","protected":false},"author":3,"featured_media":0,"comment_status":"open","ping_status":"open","sticky":false,"template":"","format":"standard","meta":{"_acf_changed":false,"footnotes":""},"categories":[],"tags":[],"class_list":["post-2256","post","type-post","status-publish","format-standard"],"acf":[],"aioseo_notices":[],"_links":{"self":[{"href":"https:\/\/infosports.com.ar\/web\/wp-json\/wp\/v2\/posts\/2256","targetHints":{"allow":["GET"]}}],"collection":[{"href":"https:\/\/infosports.com.ar\/web\/wp-json\/wp\/v2\/posts"}],"about":[{"href":"https:\/\/infosports.com.ar\/web\/wp-json\/wp\/v2\/types\/post"}],"author":[{"embeddable":true,"href":"https:\/\/infosports.com.ar\/web\/wp-json\/wp\/v2\/users\/3"}],"replies":[{"embeddable":true,"href":"https:\/\/infosports.com.ar\/web\/wp-json\/wp\/v2\/comments?post=2256"}],"version-history":[{"count":2,"href":"https:\/\/infosports.com.ar\/web\/wp-json\/wp\/v2\/posts\/2256\/revisions"}],"predecessor-version":[{"id":2259,"href":"https:\/\/infosports.com.ar\/web\/wp-json\/wp\/v2\/posts\/2256\/revisions\/2259"}],"wp:attachment":[{"href":"https:\/\/infosports.com.ar\/web\/wp-json\/wp\/v2\/media?parent=2256"}],"wp:term":[{"taxonomy":"category","embeddable":true,"href":"https:\/\/infosports.com.ar\/web\/wp-json\/wp\/v2\/categories?post=2256"},{"taxonomy":"post_tag","embeddable":true,"href":"https:\/\/infosports.com.ar\/web\/wp-json\/wp\/v2\/tags?post=2256"}],"curies":[{"name":"wp","href":"https:\/\/api.w.org\/{rel}","templated":true}]}}