{"id":2261,"date":"2022-09-30T09:34:22","date_gmt":"2022-09-30T12:34:22","guid":{"rendered":"https:\/\/infosports.com.ar\/web\/?p=2261"},"modified":"2022-09-30T09:34:22","modified_gmt":"2022-09-30T12:34:22","slug":"la-prueba-de-futbol-boca-cup-llega-en-noviembre","status":"publish","type":"post","link":"https:\/\/infosports.com.ar\/web\/la-prueba-de-futbol-boca-cup-llega-en-noviembre\/","title":{"rendered":"La prueba de futbol Boca Cup llega en noviembre"},"content":{"rendered":"<p>Para todos los ni\u00f1os y adolescentes que sue\u00f1an con probarse en club grande como Boca, del 2 al 6 de noviembre tendr\u00e1n la posibilidad de hacerlo en el Club La Amistad de Cipolletti en el mega evento de captaci\u00f3n que el club de la Ribera organiza para toda la Patagonia.<!--more--><\/p>\n<p>La Boca Cup desembarca por primera vez en esta ciudad y apunta reunir unos 3.000 jugadores nacidos entre el 2009 y el 2015, representando a 144 instituciones de diferentes provincias.<\/p>\n<section class=\"body-content note-body\" data-twitter-link=\"https:\/\/twitter.com\/intent\/tweet?url=https:\/\/www.lmneuquen.com\/c951952&amp;v\u00eda=lmneuquen&amp;related=LM Neuquen&amp;text=\" data-td-script-src=\"https:\/\/www.lmneuquen.com\/js-custom\/195\/v2\/jquery-3.6.0.min-min-version-1621517491.js,https:\/\/www.lmneuquen.com\/js-custom\/195\/v2\/functions\/function-embeds-mobile-min-version-1621517491.js\">La pelea por el trofeo ser\u00e1 apenas la excusa para que el departamento de captaci\u00f3n de la instituci\u00f3n de la AFA los tenga a todos ellos en 8 canchas simult\u00e1neas y de esta manera enriquecer su base de datos que ya cuenta con 80 nombres de la regi\u00f3n en diferentes edades por intermedio de otras pruebas anteriores en diferentes puntos.<\/p>\n<\/section>\n<section class=\"body-content note-body\" data-twitter-link=\"https:\/\/twitter.com\/intent\/tweet?url=https:\/\/www.lmneuquen.com\/c951952&amp;v\u00eda=lmneuquen&amp;related=LM Neuquen&amp;text=\" data-td-script-src=\"https:\/\/www.lmneuquen.com\/js-custom\/195\/v2\/jquery-3.6.0.min-min-version-1621517491.js,https:\/\/www.lmneuquen.com\/js-custom\/195\/v2\/functions\/function-embeds-mobile-min-version-1621517491.js\">Emiliano Gallo, coordinador del f\u00fatbol infantil Xeneize fue uno de los presentes en la conferencia de prensa realizada ayer en el Centro Cultural. Debido a la magnitud de la prueba, la Copa fue declarada de inter\u00e9s provincial y municipal y significar\u00e1 para la ciudad un fort\u00edsimo impulso tur\u00edstico por el arribo de los for\u00e1neos.<\/p>\n<p>Cipolletti, adem\u00e1s, ser\u00e1 la primera vez en la b\u00fasqueda del f\u00fatbol femenino, para lo cual se idear\u00e1n cuadros de competencia en la divisi\u00f3n 2009-2010 y 2011\/2012. Al respecto, Gallo resalt\u00f3 el reciente t\u00edtulo en primera divisi\u00f3n de Boca, y adelant\u00f3 que el 2023 ser\u00e1 el punto de partida para las infantiles y juveniles del por lo que ser\u00e1 una lincha chance para que las patag\u00f3nicas intenten ser fichadas para inciar ese camino.<\/p>\n<p>A favor de los jugadores est\u00e1 la posibilidad de mostrarse con sus mismos compa\u00f1eros de equipo, en un clima m\u00e1s favorable para demostrar sus condiciones individuales. Los interesados en inscribirse pueden tomar contacto con la organizaci\u00f3n al tel\u00e9fono 2994838386 o al 2920286867. (LMN)<\/p>\n<p>&nbsp;<\/p>\n<\/section>\n","protected":false},"excerpt":{"rendered":"<p>Para todos los ni\u00f1os y adolescentes que sue\u00f1an con probarse en club grande como Boca, del 2 al 6 de noviembre tendr\u00e1n la posibilidad de hacerlo en el Club La Amistad de Cipolletti en el mega evento de captaci\u00f3n que el club de la Ribera organiza para toda la Patagonia.<\/p>\n","protected":false},"author":3,"featured_media":0,"comment_status":"open","ping_status":"open","sticky":false,"template":"","format":"standard","meta":{"_acf_changed":false,"footnotes":""},"categories":[],"tags":[],"class_list":["post-2261","post","type-post","status-publish","format-standard"],"acf":[],"aioseo_notices":[],"_links":{"self":[{"href":"https:\/\/infosports.com.ar\/web\/wp-json\/wp\/v2\/posts\/2261","targetHints":{"allow":["GET"]}}],"collection":[{"href":"https:\/\/infosports.com.ar\/web\/wp-json\/wp\/v2\/posts"}],"about":[{"href":"https:\/\/infosports.com.ar\/web\/wp-json\/wp\/v2\/types\/post"}],"author":[{"embeddable":true,"href":"https:\/\/infosports.com.ar\/web\/wp-json\/wp\/v2\/users\/3"}],"replies":[{"embeddable":true,"href":"https:\/\/infosports.com.ar\/web\/wp-json\/wp\/v2\/comments?post=2261"}],"version-history":[{"count":1,"href":"https:\/\/infosports.com.ar\/web\/wp-json\/wp\/v2\/posts\/2261\/revisions"}],"predecessor-version":[{"id":2263,"href":"https:\/\/infosports.com.ar\/web\/wp-json\/wp\/v2\/posts\/2261\/revisions\/2263"}],"wp:attachment":[{"href":"https:\/\/infosports.com.ar\/web\/wp-json\/wp\/v2\/media?parent=2261"}],"wp:term":[{"taxonomy":"category","embeddable":true,"href":"https:\/\/infosports.com.ar\/web\/wp-json\/wp\/v2\/categories?post=2261"},{"taxonomy":"post_tag","embeddable":true,"href":"https:\/\/infosports.com.ar\/web\/wp-json\/wp\/v2\/tags?post=2261"}],"curies":[{"name":"wp","href":"https:\/\/api.w.org\/{rel}","templated":true}]}}