{"id":2274,"date":"2022-09-29T16:54:36","date_gmt":"2022-09-29T19:54:36","guid":{"rendered":"https:\/\/infosports.com.ar\/web\/?p=2274"},"modified":"2022-09-30T22:57:18","modified_gmt":"2022-10-01T01:57:18","slug":"rally-regional-debasa-listo-para-acelerar-en-cervantes","status":"publish","type":"post","link":"https:\/\/infosports.com.ar\/web\/rally-regional-debasa-listo-para-acelerar-en-cervantes\/","title":{"rendered":"Rally regional-Debasa listo para acelerar en Cervantes"},"content":{"rendered":"<p>La\u00a0<strong>primera etapa de la cuarta edici\u00f3n del Rally Aniversario de Cervantes<\/strong>, que corresponder\u00e1 a la s\u00e9ptima fecha del Regional, se\u00a0<strong>cumplir\u00e1 \u00e9ste s\u00e1bado desde las 10.33 con dos tramos\u00a0<\/strong>que tendr\u00e1n numerosos cambios, que\u00a0<strong>ser\u00e1n un filtro para muchos de los participantes\u00a0<\/strong>en todas las categor\u00edas.<!--more--><\/p>\n<p>Una\u00a0<strong>muy buena convocatoria de participantes\u00a0<\/strong>ratific\u00f3 el buen momento que atraviesa el Rally Regional, que tendr\u00e1 como en las pruebas anteriores\u00a0<strong>varios candidatos a la victoria en la general<\/strong>\u00a0y en algunas de las categor\u00edas que integran el certamen.<\/p>\n<div id=\"inline_1\"><\/div>\n<p>No hay dudas que\u00a0<strong>Ra\u00fal Mart\u00ednez aparece en la previa como el rival a vencer\u00a0<\/strong>en la general, en la que tendr\u00e1 que batallar con unos cuantos rivales, como en la Clase A-6, en la que domina casi a voluntad y\u00a0<strong>est\u00e1 a un paso de conquistar un nuevo t\u00edtulo\u00a0<\/strong>con un auto que funciona en gran nivel.<\/p>\n<p><strong>Mauro Debasa, Guillermo Aubone, Paolo Angeloni y Dami\u00e1n Vasiluk son tres de los candidatos\u00a0<\/strong>a pelear adelante en la general, siendo los mismos\u00a0<strong>en el competitivo Grupo N-2, uno de los m\u00e1s atractivos\u00a0<\/strong>que tiene el Rally Regional. En esta divisi\u00f3n\u00a0<strong>se producir\u00e1 el estreno de Juan Lovagnini<\/strong>, quien estuvo en la \u00faltima del certamen neuquino.<\/p>\n<p>El campe\u00f3n\u00a0<strong>Marcos Craievich en la previa asoma como favorito en la A-7<\/strong>, en la que domina a voluntad. Claudio\u00a0<strong>Simonelli, con muchas ganas de revancha<\/strong>, y Carlos Schichi, quien regresa a la actividad, esperan ser candidatos a la victoria.<\/p>\n<p><strong>Mart\u00ednez manda en la A-6<\/strong>, donde nada parece interponerse en su camino a un nuevo t\u00edtulo, si bien Carlos Simonelli y\u00a0<strong>varios pilotos m\u00e1s se desvelan por hacerle fuerza al campe\u00f3n<\/strong>, quien est\u00e1 en un gran nivel y disfruta de un auto tremendo.<\/p>\n<div id=\"inline_3\"><\/div>\n<p><strong>Adri\u00e1n Hernandorena buscar\u00e1 dar otro paso\u00a0<\/strong>en busca del t\u00edtulo en el Grupo N-1, que tiene a\u00a0<strong>otros candidatos para ganar la prueba en Cervantes\u00a0<\/strong>y hasta pelear por ser campe\u00f3n, por caso Gustavo Dur\u00e1n y Dar\u00edo V\u00e1zquez, de impecable aparici\u00f3n en el Regional.<\/p>\n<p><strong>La A-1 promete una nueva batalla por todo entre Lucas Sede y Exequiel Klein<\/strong>, quienes se repartieron las pruebas del Regional, con Ariel Ramos tratando de conseguir su primer triunfo y mantenerse prendido en la pelea por el t\u00edtulo.<\/p>\n<p>La\u00a0<strong>primera etapa contar\u00e1 con las PE-1 y 3<\/strong>,\u00a0<strong>Huergo-Vial Agro (8 kil\u00f3metros)<\/strong>, a las 10.33 y 13.24,\u00a0<strong>y PE2- y 4, Cervantes-Cantera de Cervantes\u00a0<\/strong>(13,30 kil\u00f3metros), a las 11.11 y 14.02. El domingo, en la segunda y \u00faltima etapa, con dos tramos diferentes, que se repetir\u00e1n. (RN)<\/p>\n","protected":false},"excerpt":{"rendered":"<p>La\u00a0primera etapa de la cuarta edici\u00f3n del Rally Aniversario de Cervantes, que corresponder\u00e1 a la s\u00e9ptima fecha del Regional, se\u00a0cumplir\u00e1 \u00e9ste s\u00e1bado desde las 10.33 con dos tramos\u00a0que tendr\u00e1n numerosos cambios, que\u00a0ser\u00e1n un filtro para muchos de los participantes\u00a0en todas las categor\u00edas.<\/p>\n","protected":false},"author":3,"featured_media":0,"comment_status":"open","ping_status":"open","sticky":false,"template":"","format":"standard","meta":{"_acf_changed":false,"footnotes":""},"categories":[],"tags":[],"class_list":["post-2274","post","type-post","status-publish","format-standard"],"acf":[],"aioseo_notices":[],"_links":{"self":[{"href":"https:\/\/infosports.com.ar\/web\/wp-json\/wp\/v2\/posts\/2274","targetHints":{"allow":["GET"]}}],"collection":[{"href":"https:\/\/infosports.com.ar\/web\/wp-json\/wp\/v2\/posts"}],"about":[{"href":"https:\/\/infosports.com.ar\/web\/wp-json\/wp\/v2\/types\/post"}],"author":[{"embeddable":true,"href":"https:\/\/infosports.com.ar\/web\/wp-json\/wp\/v2\/users\/3"}],"replies":[{"embeddable":true,"href":"https:\/\/infosports.com.ar\/web\/wp-json\/wp\/v2\/comments?post=2274"}],"version-history":[{"count":1,"href":"https:\/\/infosports.com.ar\/web\/wp-json\/wp\/v2\/posts\/2274\/revisions"}],"predecessor-version":[{"id":2275,"href":"https:\/\/infosports.com.ar\/web\/wp-json\/wp\/v2\/posts\/2274\/revisions\/2275"}],"wp:attachment":[{"href":"https:\/\/infosports.com.ar\/web\/wp-json\/wp\/v2\/media?parent=2274"}],"wp:term":[{"taxonomy":"category","embeddable":true,"href":"https:\/\/infosports.com.ar\/web\/wp-json\/wp\/v2\/categories?post=2274"},{"taxonomy":"post_tag","embeddable":true,"href":"https:\/\/infosports.com.ar\/web\/wp-json\/wp\/v2\/tags?post=2274"}],"curies":[{"name":"wp","href":"https:\/\/api.w.org\/{rel}","templated":true}]}}