{"id":2284,"date":"2022-10-04T10:07:18","date_gmt":"2022-10-04T13:07:18","guid":{"rendered":"https:\/\/infosports.com.ar\/web\/?p=2284"},"modified":"2022-10-04T10:07:18","modified_gmt":"2022-10-04T13:07:18","slug":"el-bullying-que-mata-y-la-muerte-de-su-mama-golpearon-duro-a-higuain","status":"publish","type":"post","link":"https:\/\/infosports.com.ar\/web\/el-bullying-que-mata-y-la-muerte-de-su-mama-golpearon-duro-a-higuain\/","title":{"rendered":"El bullying que &#8220;mata&#8221; y la muerte de su mam\u00e1 golpearon duro a Higua\u00edn"},"content":{"rendered":"<p>M\u00e1s all\u00e1 de su exitosa carrera, Gonzalo Higua\u00edn, quien este lunes anunci\u00f3 su retiro del f\u00fatbol, fue v\u00edctima de burlas y memes. Qued\u00f3 estigmatizado tras fallar situaciones claras en partidos determinantes para la Selecci\u00f3n argentina y fue duramente criticado a trav\u00e9s de Internet, con bromas, insultos y comentarios ofensivos.<!--more--><\/p>\n<section class=\"body-content note-body\" data-twitter-link=\"https:\/\/twitter.com\/intent\/tweet?url=https:\/\/www.lmneuquen.com\/c952992&amp;v\u00eda=lmneuquen&amp;related=LM Neuquen&amp;text=\" data-td-script-src=\"https:\/\/www.lmneuquen.com\/js-custom\/195\/v2\/jquery-3.6.0.min-min-version-1621517417.js,https:\/\/www.lmneuquen.com\/js-custom\/195\/v2\/functions\/function-embeds-mobile-min-version-1621517417.js\">De hecho, hace pocos d\u00edas, antes de dar a conocer la noticia de su alejamiento de la actividad a fin de a\u00f1o, el actual atacante del Inter Miami, se tom\u00f3 un tiempo para reflexionar acerca de las cargadas y c\u00f3mo pueden influir muy negativamente en la psiquis de quienes las padecen. Porque es as\u00ed, las sufren.<\/p>\n<\/section>\n<section class=\"body-content note-body\" data-twitter-link=\"https:\/\/twitter.com\/intent\/tweet?url=https:\/\/www.lmneuquen.com\/c952992&amp;v\u00eda=lmneuquen&amp;related=LM Neuquen&amp;text=\" data-td-script-src=\"https:\/\/www.lmneuquen.com\/js-custom\/195\/v2\/jquery-3.6.0.min-min-version-1621517417.js,https:\/\/www.lmneuquen.com\/js-custom\/195\/v2\/functions\/function-embeds-mobile-min-version-1621517417.js\">&#8220;Es un tema que es universal. Pero va a seguir mientras sea desde el anonimato, haya re\u00eddores, acosos y acosadores. Madres y padres tienen que pensar que sus hijos pueden pasar por eso. Hay que tomar m\u00e1s conciencia de lo que eso conlleva y de lo que genera el hecho de cargar&#8221;<\/p>\n<p>Reforz\u00f3 el concepto con una frase desgarradora: &#8220;Por cinco segundos de tu tiempo que carg\u00e1s por una computadora est\u00e1s destruyendo la vida de otra persona&#8221;.<\/p>\n<p>Y culmin\u00f3: &#8220;Yo cuando estaba en la Selecci\u00f3n no estaba disfrutando no por los goles errados, sino por todo lo que se generaba despu\u00e9s con las cargadas. El bullying se hizo normal y lo sufren millones de personas que no lo comunican. A veces, hasta produce muertes. Y la gente no toma conciencia de eso&#8221;.<\/p>\n<p>Otra adversidad con la que debi\u00f3 lidiar Gonzalo estos \u00faltimos a\u00f1os fue la muerte de su madre Nancy, quien luch\u00f3 con una grave enfermedad y a la vez tambi\u00e9n sufri\u00f3 por el bullying que padeci\u00f3 uno de sus adorados hijos.<\/p>\n<p>&nbsp;<\/p>\n<\/section>\n","protected":false},"excerpt":{"rendered":"<p>M\u00e1s all\u00e1 de su exitosa carrera, Gonzalo Higua\u00edn, quien este lunes anunci\u00f3 su retiro del f\u00fatbol, fue v\u00edctima de burlas y memes. Qued\u00f3 estigmatizado tras fallar situaciones claras en partidos determinantes para la Selecci\u00f3n argentina y fue duramente criticado a trav\u00e9s de Internet, con bromas, insultos y comentarios ofensivos.<\/p>\n","protected":false},"author":3,"featured_media":0,"comment_status":"open","ping_status":"open","sticky":false,"template":"","format":"standard","meta":{"_acf_changed":false,"footnotes":""},"categories":[],"tags":[],"class_list":["post-2284","post","type-post","status-publish","format-standard"],"acf":[],"aioseo_notices":[],"_links":{"self":[{"href":"https:\/\/infosports.com.ar\/web\/wp-json\/wp\/v2\/posts\/2284","targetHints":{"allow":["GET"]}}],"collection":[{"href":"https:\/\/infosports.com.ar\/web\/wp-json\/wp\/v2\/posts"}],"about":[{"href":"https:\/\/infosports.com.ar\/web\/wp-json\/wp\/v2\/types\/post"}],"author":[{"embeddable":true,"href":"https:\/\/infosports.com.ar\/web\/wp-json\/wp\/v2\/users\/3"}],"replies":[{"embeddable":true,"href":"https:\/\/infosports.com.ar\/web\/wp-json\/wp\/v2\/comments?post=2284"}],"version-history":[{"count":1,"href":"https:\/\/infosports.com.ar\/web\/wp-json\/wp\/v2\/posts\/2284\/revisions"}],"predecessor-version":[{"id":2286,"href":"https:\/\/infosports.com.ar\/web\/wp-json\/wp\/v2\/posts\/2284\/revisions\/2286"}],"wp:attachment":[{"href":"https:\/\/infosports.com.ar\/web\/wp-json\/wp\/v2\/media?parent=2284"}],"wp:term":[{"taxonomy":"category","embeddable":true,"href":"https:\/\/infosports.com.ar\/web\/wp-json\/wp\/v2\/categories?post=2284"},{"taxonomy":"post_tag","embeddable":true,"href":"https:\/\/infosports.com.ar\/web\/wp-json\/wp\/v2\/tags?post=2284"}],"curies":[{"name":"wp","href":"https:\/\/api.w.org\/{rel}","templated":true}]}}