{"id":2287,"date":"2022-10-04T23:08:14","date_gmt":"2022-10-05T02:08:14","guid":{"rendered":"https:\/\/infosports.com.ar\/web\/?p=2287"},"modified":"2022-10-04T23:17:32","modified_gmt":"2022-10-05T02:17:32","slug":"2287-2","status":"publish","type":"post","link":"https:\/\/infosports.com.ar\/web\/2287-2\/","title":{"rendered":"Resultados de la 3\u00b0 fecha del MTB &#8220;25 de Mueve&#8221;"},"content":{"rendered":"<div class=\"m8h3af8h l7ghb35v kjdc1dyq kmwttqpk gh25dzvf n3t5jt4f\">\n<div dir=\"auto\">25 DE MAYO (LP).- Se desarroll\u00f3 una nueva fecha del campeonato de MTB \u201c25 se Mueve\u201d, en este caso la tercera, que organiza la Direcci\u00f3n de Deportes de la Municipalidad de 25 de Mayo.<\/div>\n<\/div>\n<p><!--more--><\/p>\n<div class=\"l7ghb35v kjdc1dyq kmwttqpk gh25dzvf jikcssrz n3t5jt4f\">\n<div dir=\"auto\">El acceso a Pozo Pampa fue el lugar de encuentro para los y las competidoras, que se dieron cita en gran n\u00famero, de distintos puntos de la regi\u00f3n, a decir de ellas y ellos, manifestaron que el circuito y el trazado fue muy bueno, exigente y que ten\u00eda de todo.<\/div>\n<div dir=\"auto\">Resaltamos la labor que realizan las personas de confeccionar el mismo.<\/div>\n<div dir=\"auto\"><\/div>\n<\/div>\n<div class=\"l7ghb35v kjdc1dyq kmwttqpk gh25dzvf jikcssrz n3t5jt4f\">\n<div dir=\"auto\">Adem\u00e1s se realiz\u00f3 una competencia recreativa para las y los peques, los cuales dan sus primeros pasos en la bicicleta.<\/div>\n<div dir=\"auto\">La pr\u00f3xima fecha ser\u00e1 el 13 de noviembre, la \u00faltima de esta competici\u00f3n, teniendo el doble de puntaje, seg\u00fan informo la organizaci\u00f3n.<\/div>\n<div dir=\"auto\"><\/div>\n<div dir=\"auto\">(Fotos en Facebook Municipalidad de 25 se Mayo)<\/div>\n<div dir=\"auto\"><\/div>\n<\/div>\n<div class=\"l7ghb35v kjdc1dyq kmwttqpk gh25dzvf jikcssrz n3t5jt4f\">\n<div dir=\"auto\">A continuaci\u00f3n, les dejamos las clasificaciones:<\/div>\n<\/div>\n<div class=\"l7ghb35v kjdc1dyq kmwttqpk gh25dzvf jikcssrz n3t5jt4f\">\n<div dir=\"auto\">25K PROMOCIONAL FEMENINO<\/div>\n<div dir=\"auto\">1\u00ba) Lidia Iglesias<\/div>\n<div dir=\"auto\">2\u00ba) Andrea Mendoza<\/div>\n<div dir=\"auto\">3\u00ba) Silvana Morales<\/div>\n<div dir=\"auto\">4\u00ba) Cecilia Ogni<\/div>\n<div dir=\"auto\">5\u00ba) Nazarena Bast\u00edas<\/div>\n<\/div>\n<div class=\"l7ghb35v kjdc1dyq kmwttqpk gh25dzvf jikcssrz n3t5jt4f\">\n<div dir=\"auto\">25K PROMOCIONAL MASCULINO<\/div>\n<div dir=\"auto\">1\u00ba) Mario Retamal<\/div>\n<div dir=\"auto\">2\u00ba) Lucas Lagos<\/div>\n<div dir=\"auto\">3\u00ba) Tulio Retamales<\/div>\n<div dir=\"auto\">4\u00ba) Javier Corales<\/div>\n<div dir=\"auto\">5\u00ba) Santiago Papeix<\/div>\n<div dir=\"auto\">6\u00ba) Elio Miranda<\/div>\n<div dir=\"auto\">7\u00ba) Leonel Rol\u00e1n Sosa<\/div>\n<div dir=\"auto\">8\u00ba) Cristian Gim\u00e9nez<\/div>\n<div dir=\"auto\">9\u00ba) Pedro Oyarzo<\/div>\n<div dir=\"auto\">10\u00ba) Miguel Coronel<\/div>\n<div dir=\"auto\">11\u00ba) David Araneda<\/div>\n<div dir=\"auto\">12\u00ba) David Zurita<\/div>\n<div dir=\"auto\">13\u00ba) Waldo Colipe<\/div>\n<div dir=\"auto\">14\u00ba) Juan Jos\u00e9 Gelis<\/div>\n<div dir=\"auto\">15\u00ba) Miguel Garc\u00eda<\/div>\n<div dir=\"auto\">16\u00ba) H\u00e9ctor Forchino<\/div>\n<\/div>\n<div class=\"l7ghb35v kjdc1dyq kmwttqpk gh25dzvf jikcssrz n3t5jt4f\">\n<div dir=\"auto\">25K PROMOCIONAL MASCULINO JUVENIL<\/div>\n<div dir=\"auto\">1\u00ba) Guillermo Tapia<\/div>\n<div dir=\"auto\">2\u00ba) Joaqu\u00edn Fern\u00e1ndez<\/div>\n<\/div>\n<div class=\"l7ghb35v kjdc1dyq kmwttqpk gh25dzvf jikcssrz n3t5jt4f\">\n<div dir=\"auto\">50K FEMENINO A1 30 A 34 A\u00d1OS<\/div>\n<div dir=\"auto\">1\u00ba) Suyai Mardoness<\/div>\n<div dir=\"auto\">2\u00ba) Mayra Gil<\/div>\n<\/div>\n<div class=\"l7ghb35v kjdc1dyq kmwttqpk gh25dzvf jikcssrz n3t5jt4f\">\n<div dir=\"auto\">50K FEMENINO A2 DE 35 A 39 A\u00d1OS<\/div>\n<div dir=\"auto\">1\u00ba) Romina L\u00f3pez<\/div>\n<div dir=\"auto\">2\u00ba) Fernanda Rozas<\/div>\n<div dir=\"auto\">3\u00ba) Silvana Vald\u00e9z<\/div>\n<div dir=\"auto\">4\u00ba) Vanesa Mora<\/div>\n<div dir=\"auto\">5\u00ba) Rosana L\u00f3pez<\/div>\n<\/div>\n<div class=\"l7ghb35v kjdc1dyq kmwttqpk gh25dzvf jikcssrz n3t5jt4f\">\n<div dir=\"auto\">50K FEMENINO B1 40 A 44 A\u00d1OS<\/div>\n<div dir=\"auto\">1\u00ba) Lorena Lucero<\/div>\n<div dir=\"auto\">2\u00ba) Jaquelina Vargas<\/div>\n<\/div>\n<div class=\"l7ghb35v kjdc1dyq kmwttqpk gh25dzvf jikcssrz n3t5jt4f\">\n<div dir=\"auto\">50K FEMENINO B2 45 A 49 A\u00d1OS<\/div>\n<div dir=\"auto\">1\u00ba) Claudia Cuevas<\/div>\n<\/div>\n<div class=\"l7ghb35v kjdc1dyq kmwttqpk gh25dzvf jikcssrz n3t5jt4f\">\n<div dir=\"auto\">50K FEMENINO C 50 A\u00d1OS O M\u00c1S<\/div>\n<div dir=\"auto\">1\u00ba) M\u00f3nica Pincheira<\/div>\n<\/div>\n<div class=\"l7ghb35v kjdc1dyq kmwttqpk gh25dzvf jikcssrz n3t5jt4f\">\n<div dir=\"auto\">50K FEMENINO \u00c9LITE<\/div>\n<div dir=\"auto\">1\u00ba) Camila Quintul\u00e9n<\/div>\n<\/div>\n<div class=\"l7ghb35v kjdc1dyq kmwttqpk gh25dzvf jikcssrz n3t5jt4f\">\n<div dir=\"auto\">50K MASCULINO A1 DE 30 A 34 A\u00d1OS<\/div>\n<div dir=\"auto\">1\u00ba) Jos\u00e9 Marim\u00f3n<\/div>\n<div dir=\"auto\">2\u00ba) Augusto Rovelotti<\/div>\n<div dir=\"auto\">3\u00ba) Claudio Urquiza<\/div>\n<div dir=\"auto\">4\u00ba) Mat\u00edas Mu\u00f1oz<\/div>\n<div dir=\"auto\">5\u00ba) Ra\u00fal Avenda\u00f1o<\/div>\n<div dir=\"auto\">6\u00ba) Jos\u00e9 Tasca<\/div>\n<\/div>\n<div class=\"l7ghb35v kjdc1dyq kmwttqpk gh25dzvf jikcssrz n3t5jt4f\">\n<div dir=\"auto\">50K MASCULINO A2 35 A 39 A\u00d1OS<\/div>\n<div dir=\"auto\">1\u00ba) Adri\u00e1n Kloster<\/div>\n<div dir=\"auto\">2\u00ba) \u00c1lvaro Mu\u00f1oz<\/div>\n<div dir=\"auto\">3\u00ba) Mat\u00edas Goinhex<\/div>\n<div dir=\"auto\">4\u00ba) Jorge Miranda<\/div>\n<div dir=\"auto\">5\u00ba) Gustavo Andino<\/div>\n<\/div>\n<div class=\"l7ghb35v kjdc1dyq kmwttqpk gh25dzvf jikcssrz n3t5jt4f\">\n<div dir=\"auto\">50K MASCULINO B1 40 A 44 A\u00d1OS<\/div>\n<div dir=\"auto\">1\u00ba) Jes\u00fas Bast\u00edas<\/div>\n<div dir=\"auto\">2\u00ba) Daniel Espino<\/div>\n<div dir=\"auto\">3\u00ba) Luciano Di Liscia<\/div>\n<div dir=\"auto\">4\u00ba) Javier Rubio<\/div>\n<div dir=\"auto\">5\u00ba) Julio \u00c1lvarez<\/div>\n<\/div>\n<div class=\"l7ghb35v kjdc1dyq kmwttqpk gh25dzvf jikcssrz n3t5jt4f\">\n<div dir=\"auto\">50K MASCULINO B2 45 A 49 A\u00d1OS<\/div>\n<div dir=\"auto\">1\u00ba) Oscar Cisneros<\/div>\n<div dir=\"auto\">2\u00ba) Tom\u00e1s Vallejo<\/div>\n<div dir=\"auto\">3\u00ba) Juan Ca\u00f1umir<\/div>\n<div dir=\"auto\">4\u00ba) Jorge Hasi<\/div>\n<div dir=\"auto\">5\u00ba) Mat\u00edas Forchino<\/div>\n<div dir=\"auto\">6\u00ba) N\u00e9stor L\u00f3pez<\/div>\n<\/div>\n<div class=\"l7ghb35v kjdc1dyq kmwttqpk gh25dzvf jikcssrz n3t5jt4f\">\n<div dir=\"auto\">50K MASCULINO C1 50 A 54 A\u00d1OS<\/div>\n<div dir=\"auto\">1\u00ba) Arturo Chuquimia<\/div>\n<\/div>\n<div class=\"l7ghb35v kjdc1dyq kmwttqpk gh25dzvf jikcssrz n3t5jt4f\">\n<div dir=\"auto\">50K MASCULINO C2 55 A 59 A\u00d1OS<\/div>\n<div dir=\"auto\">1\u00ba) Victor Vara<\/div>\n<div dir=\"auto\">2\u00ba) Oscar Pe\u00f1a<\/div>\n<\/div>\n<div class=\"l7ghb35v kjdc1dyq kmwttqpk gh25dzvf jikcssrz n3t5jt4f\">\n<div dir=\"auto\">50K MASCULINO D 60 A\u00d1OS O M\u00c1S<\/div>\n<div dir=\"auto\">1\u00ba) Gabriel Almanza<\/div>\n<\/div>\n<div class=\"l7ghb35v kjdc1dyq kmwttqpk gh25dzvf jikcssrz n3t5jt4f\">\n<div dir=\"auto\">50K MASCULINO \u00c9LITE<\/div>\n<div dir=\"auto\">1\u00ba) Jerem\u00edas Dom\u00ednguez<\/div>\n<div dir=\"auto\">2\u00ba) Yair Fate<\/div>\n<div dir=\"auto\">3\u00ba) Milton Hasi<\/div>\n<div dir=\"auto\">4\u00ba) Brian Alaniz<\/div>\n<div dir=\"auto\">5\u00ba) Facundo Rodr\u00edguez<\/div>\n<div dir=\"auto\">6\u00ba) Pablo Molina<\/div>\n<\/div>\n","protected":false},"excerpt":{"rendered":"<p>25 DE MAYO (LP).- Se desarroll\u00f3 una nueva fecha del campeonato de MTB \u201c25 se Mueve\u201d, en este caso la tercera, que organiza la Direcci\u00f3n de Deportes de la Municipalidad de 25 de Mayo.<\/p>\n","protected":false},"author":3,"featured_media":0,"comment_status":"open","ping_status":"open","sticky":false,"template":"","format":"standard","meta":{"_acf_changed":false,"footnotes":""},"categories":[],"tags":[],"class_list":["post-2287","post","type-post","status-publish","format-standard"],"acf":[],"aioseo_notices":[],"_links":{"self":[{"href":"https:\/\/infosports.com.ar\/web\/wp-json\/wp\/v2\/posts\/2287","targetHints":{"allow":["GET"]}}],"collection":[{"href":"https:\/\/infosports.com.ar\/web\/wp-json\/wp\/v2\/posts"}],"about":[{"href":"https:\/\/infosports.com.ar\/web\/wp-json\/wp\/v2\/types\/post"}],"author":[{"embeddable":true,"href":"https:\/\/infosports.com.ar\/web\/wp-json\/wp\/v2\/users\/3"}],"replies":[{"embeddable":true,"href":"https:\/\/infosports.com.ar\/web\/wp-json\/wp\/v2\/comments?post=2287"}],"version-history":[{"count":2,"href":"https:\/\/infosports.com.ar\/web\/wp-json\/wp\/v2\/posts\/2287\/revisions"}],"predecessor-version":[{"id":2290,"href":"https:\/\/infosports.com.ar\/web\/wp-json\/wp\/v2\/posts\/2287\/revisions\/2290"}],"wp:attachment":[{"href":"https:\/\/infosports.com.ar\/web\/wp-json\/wp\/v2\/media?parent=2287"}],"wp:term":[{"taxonomy":"category","embeddable":true,"href":"https:\/\/infosports.com.ar\/web\/wp-json\/wp\/v2\/categories?post=2287"},{"taxonomy":"post_tag","embeddable":true,"href":"https:\/\/infosports.com.ar\/web\/wp-json\/wp\/v2\/tags?post=2287"}],"curies":[{"name":"wp","href":"https:\/\/api.w.org\/{rel}","templated":true}]}}