{"id":2299,"date":"2022-10-05T13:16:19","date_gmt":"2022-10-05T16:16:19","guid":{"rendered":"https:\/\/infosports.com.ar\/web\/?p=2299"},"modified":"2022-10-05T13:16:19","modified_gmt":"2022-10-05T16:16:19","slug":"presentaron-el-11o-desafio-a-las-tierras-petroleras","status":"publish","type":"post","link":"https:\/\/infosports.com.ar\/web\/presentaron-el-11o-desafio-a-las-tierras-petroleras\/","title":{"rendered":"Presentaron el 11\u00ba Desaf\u00edo a las Tierras Petroleras"},"content":{"rendered":"<p>Llega una nueva edici\u00f3n de la tradicional competencia, que adem\u00e1s de continuar posicionando a Catriel en la agenda deportiva regional y nacional, promociona los atractivos de nuestra localidad.<!--more--><\/p>\n<p>&#x1f3c3;El Desaf\u00edo se disputar\u00e1 el pr\u00f3ximo domingo 9 de octubre, con largada a las 11hs, en el Predio La Chacra (Ruta 151-km 132) y ya cuenta con m\u00e1s de 160 corredores inscriptos de la regi\u00f3n.<\/p>\n<p>&#x1f449;Desde la organizaci\u00f3n agradecieron a los sponsor ya que &#8220;sin el apoyo que nos brindan ser\u00eda imposible hacer la carrera&#8221;<\/p>\n<p>&#x1f449;Por su parte la Intendenta Viviana Germanier destac\u00f3 &#8220;el orgullo que nos significa esta competencia tan tradicional, organizada por una familia que apuesta por Catriel, en una jornada deportiva que aporta un gran movimiento de visitantes que van a conocer nuestra localidad, generando turismo activo&#8221;<\/p>\n","protected":false},"excerpt":{"rendered":"<p>Llega una nueva edici\u00f3n de la tradicional competencia, que adem\u00e1s de continuar posicionando a Catriel en la agenda deportiva regional y nacional, promociona los atractivos de nuestra localidad.<\/p>\n","protected":false},"author":3,"featured_media":0,"comment_status":"open","ping_status":"open","sticky":false,"template":"","format":"standard","meta":{"_acf_changed":false,"footnotes":""},"categories":[],"tags":[],"class_list":["post-2299","post","type-post","status-publish","format-standard"],"acf":[],"aioseo_notices":[],"_links":{"self":[{"href":"https:\/\/infosports.com.ar\/web\/wp-json\/wp\/v2\/posts\/2299","targetHints":{"allow":["GET"]}}],"collection":[{"href":"https:\/\/infosports.com.ar\/web\/wp-json\/wp\/v2\/posts"}],"about":[{"href":"https:\/\/infosports.com.ar\/web\/wp-json\/wp\/v2\/types\/post"}],"author":[{"embeddable":true,"href":"https:\/\/infosports.com.ar\/web\/wp-json\/wp\/v2\/users\/3"}],"replies":[{"embeddable":true,"href":"https:\/\/infosports.com.ar\/web\/wp-json\/wp\/v2\/comments?post=2299"}],"version-history":[{"count":1,"href":"https:\/\/infosports.com.ar\/web\/wp-json\/wp\/v2\/posts\/2299\/revisions"}],"predecessor-version":[{"id":2301,"href":"https:\/\/infosports.com.ar\/web\/wp-json\/wp\/v2\/posts\/2299\/revisions\/2301"}],"wp:attachment":[{"href":"https:\/\/infosports.com.ar\/web\/wp-json\/wp\/v2\/media?parent=2299"}],"wp:term":[{"taxonomy":"category","embeddable":true,"href":"https:\/\/infosports.com.ar\/web\/wp-json\/wp\/v2\/categories?post=2299"},{"taxonomy":"post_tag","embeddable":true,"href":"https:\/\/infosports.com.ar\/web\/wp-json\/wp\/v2\/tags?post=2299"}],"curies":[{"name":"wp","href":"https:\/\/api.w.org\/{rel}","templated":true}]}}