{"id":2303,"date":"2022-10-07T09:44:38","date_gmt":"2022-10-07T12:44:38","guid":{"rendered":"https:\/\/infosports.com.ar\/web\/?p=2303"},"modified":"2022-10-07T09:44:38","modified_gmt":"2022-10-07T12:44:38","slug":"rugby-femenino-catriel-sera-sede-del-regional-de-selecciones","status":"publish","type":"post","link":"https:\/\/infosports.com.ar\/web\/rugby-femenino-catriel-sera-sede-del-regional-de-selecciones\/","title":{"rendered":"Rugby femenino &#8211; Catriel ser\u00e1 sede del Regional de Selecciones"},"content":{"rendered":"<p style=\"text-align: left;\">El d\u00eda 29 y 30 de octubre el Catriel Rugby Club se vestir\u00e1 de gala para recibir a los seleccionados de la zona que buscar\u00e1n una plaza para el Nacional de Selecciones.<!--more--><br \/>\nAunque el seleccionado de la URAV no tiene confirmada la lista de las 12 jugadoras que repesentaran al selectivo del Alto Valle, en las listas preliminares el Catriel Rugby Club cuenta con 4 representantes. Gisela Miguel, Milagros Ovejero, Florencia Farroni y Solange Rodriguez se vienen entrenando hace semanas en Cipoletti bajo las ordenes de los DTs Iv\u00e1n metzelder y Carlos Lobos a la espera de poder estar en el recorte final de la lista de convocadas.<\/p>\n<p><a href=\"https:\/\/infosports.com.ar\/web\/wp-content\/uploads\/2022\/10\/IMG-20221006-WA0003.jpg\"><img loading=\"lazy\" decoding=\"async\" class=\"alignnone size-medium wp-image-2305\" src=\"https:\/\/infosports.com.ar\/web\/wp-content\/uploads\/2022\/10\/IMG-20221006-WA0003-300x225.jpg\" alt=\"\" width=\"300\" height=\"225\" \/><\/a><\/p>\n<p>Prensa CRC<\/p>\n","protected":false},"excerpt":{"rendered":"<p>El d\u00eda 29 y 30 de octubre el Catriel Rugby Club se vestir\u00e1 de gala para recibir a los seleccionados de la zona que buscar\u00e1n una plaza para el Nacional de Selecciones.<\/p>\n","protected":false},"author":3,"featured_media":0,"comment_status":"open","ping_status":"open","sticky":false,"template":"","format":"standard","meta":{"_acf_changed":false,"footnotes":""},"categories":[],"tags":[],"class_list":["post-2303","post","type-post","status-publish","format-standard"],"acf":[],"aioseo_notices":[],"_links":{"self":[{"href":"https:\/\/infosports.com.ar\/web\/wp-json\/wp\/v2\/posts\/2303","targetHints":{"allow":["GET"]}}],"collection":[{"href":"https:\/\/infosports.com.ar\/web\/wp-json\/wp\/v2\/posts"}],"about":[{"href":"https:\/\/infosports.com.ar\/web\/wp-json\/wp\/v2\/types\/post"}],"author":[{"embeddable":true,"href":"https:\/\/infosports.com.ar\/web\/wp-json\/wp\/v2\/users\/3"}],"replies":[{"embeddable":true,"href":"https:\/\/infosports.com.ar\/web\/wp-json\/wp\/v2\/comments?post=2303"}],"version-history":[{"count":1,"href":"https:\/\/infosports.com.ar\/web\/wp-json\/wp\/v2\/posts\/2303\/revisions"}],"predecessor-version":[{"id":2306,"href":"https:\/\/infosports.com.ar\/web\/wp-json\/wp\/v2\/posts\/2303\/revisions\/2306"}],"wp:attachment":[{"href":"https:\/\/infosports.com.ar\/web\/wp-json\/wp\/v2\/media?parent=2303"}],"wp:term":[{"taxonomy":"category","embeddable":true,"href":"https:\/\/infosports.com.ar\/web\/wp-json\/wp\/v2\/categories?post=2303"},{"taxonomy":"post_tag","embeddable":true,"href":"https:\/\/infosports.com.ar\/web\/wp-json\/wp\/v2\/tags?post=2303"}],"curies":[{"name":"wp","href":"https:\/\/api.w.org\/{rel}","templated":true}]}}