{"id":2307,"date":"2022-10-06T09:49:59","date_gmt":"2022-10-06T12:49:59","guid":{"rendered":"https:\/\/infosports.com.ar\/web\/?p=2307"},"modified":"2022-10-07T09:52:37","modified_gmt":"2022-10-07T12:52:37","slug":"lionel-messi-revelo-su-futuro-con-la-seleccion-y-afirmo-que-qatar-2022-podria-ser-su-ultimo-mundial","status":"publish","type":"post","link":"https:\/\/infosports.com.ar\/web\/lionel-messi-revelo-su-futuro-con-la-seleccion-y-afirmo-que-qatar-2022-podria-ser-su-ultimo-mundial\/","title":{"rendered":"Lionel Messi revel\u00f3 su futuro con la Selecci\u00f3n y afirm\u00f3 que Qatar 2022 podr\u00eda ser su \u00faltimo Mundial"},"content":{"rendered":"<p>Lionel\u00a0<strong>Messi afirm\u00f3 hoy que Qatar 2022 podr\u00eda ser su \u00faltimo Mundial\u00a0<\/strong>y que el seleccionado argentino\u00a0<strong>no es el \u00abm\u00e1ximo favorito\u00bb de la competencia\u00a0<\/strong>porque hay equipos que se encuentran \u00abpor encima\u00bb en la consideraci\u00f3n para levantar la copa el 18 de diciembre en el estadio de Lusail.<!--more--><\/p>\n<p>El capit\u00e1n de la Albiceleste\u00a0<strong>acept\u00f3 que su equipo \u00abes candidato siempre\u00bb\u00a0<\/strong>en una Copa del Mundo,\u00a0<strong>aunque aconsej\u00f3 \u00abbajar los decibeles\u00bb<\/strong>\u00a0porque cuando empiece a rodar la pelota \u00abtodo puede pasar\u00bb.<\/p>\n<div id=\"inline_1\"><\/div>\n<p>\u00abHay\u00a0<strong>un poco de ansiedad y nervios al mismo tiempo. Es el \u00faltimo, seguramente,\u00a0<\/strong>y tambi\u00e9n por c\u00f3mo nos va a ir.\u00a0<strong>Llegamos en un buen momento, con un grupo muy armado y muy fuerte<\/strong>, pero en un Mundial puede pasar de todo\u00bb, cont\u00f3 en una entrevista \u00edntima con el periodista Sebasti\u00e1n Vignolo en su casa de Par\u00eds.<\/p>\n<p><strong>\u00abNo somos los m\u00e1ximos favoritos.\u00a0<\/strong>Hay selecciones que est\u00e1n por encima de nosotros. Tampoco s\u00e9 si somos los grandes candidatos, aunque s\u00ed\u00a0<strong>Argentina es candidata a ganar siempre por la historia<\/strong>, por lo que significa y m\u00e1s ahora en el momento que llega. La gente est\u00e1 loca con la Selecci\u00f3n, con lo que se viene. Por eso\u00a0<strong>est\u00e1 bueno bajar un poco los decibeles, saber que vamos a competir, que le vamos a pelear de igual a igual a cualquiera\u00a0<\/strong>pero no creer que ya somos los campeones\u00bb, coment\u00f3.<\/p>\n<p>Con respecto a\u00a0<strong>su relaci\u00f3n con Lionel Scaloni<\/strong>, indic\u00f3: \u00abEs\u00a0<strong>una persona muy cercana, habla much\u00edsimo con el jugador<\/strong>, intenta estar siempre para lo que sea y vive el f\u00fatbol much\u00edsimo. Trabaja por y para el f\u00fatbol,\u00a0<strong>le encanta lo que hace, sufre much\u00edsimo los partidos y se merece todo lo que vive\u00a0<\/strong>porque no fue f\u00e1cil lo que le toc\u00f3 agarrar. \u00c9l arm\u00f3 todo esto\u00bb.<\/p>\n<p>En cuanto a su presente con la Albiceleste, coment\u00f3:\u00a0<strong>\u00abSoy uno m\u00e1s en este grupo, intento integrarme. En esta Selecci\u00f3n yo tuve que integrarme a los chicos<\/strong>\u00a0que ya se conoc\u00edan hace tiempo. Llegu\u00e9 m\u00e1s tarde, porque no fui a los primeros partidos del proceso y creo que\u00a0<strong>hice un poco m\u00e1s de lo normal para tratar de integrarme\u00a0<\/strong>lo m\u00e1s r\u00e1pido posible\u00bb.<\/p>\n<div id=\"inline_3\"><\/div>\n<p>Tambi\u00e9n se tom\u00f3 un rato para\u00a0<strong>recordar el logro obtenido en la Copa Am\u00e9rica<\/strong>. \u00abCuando salimos campeones\u00a0<strong>no lo pod\u00eda creer, no s\u00e9 c\u00f3mo explicar ese momento<\/strong>. Era lo que me faltaba, uno de los objetivos para terminar de cerrar todo,\u00a0<strong>para m\u00ed era fundamental poder ganar algo con la selecci\u00f3n\u00a0<\/strong>porque si no me iba a quedar siempre la espina de las finales perdidas\u00bb.<\/p>\n<p><strong>\u00abMe jode perder,<\/strong>\u00a0no hacer un buen partido, no disfrutar dentro de la cancha.\u00a0<strong>Aprend\u00ed a perder porque son muchos a\u00f1os de carrera pero me sigue doliendo\u00bb,\u00a0<\/strong>agreg\u00f3.<\/p>\n<div id=\"inline_4\" data-google-query-id=\"CKb6u_STzvoCFeOzlQIdfRoBeA\">\n<p>Adem\u00e1s, habl\u00f3 sobre su familia y\u00a0<strong>la relaci\u00f3n con sus hijos<\/strong>. \u00abDe los dos,\u00a0<strong>soy el que m\u00e1s los \u2018caga a pedos\u2019. Antonella es la que m\u00e1s tiempo pasa con ellos\u00a0<\/strong>y yo les pongo los puntos, a veces por dem\u00e1s.\u00a0<strong>Intento que aprendan a valorar las cosas<\/strong>. Que sepan que hay que ganarse las cosas d\u00eda a d\u00eda, no porque tengan la posibilidad de tener mucho\u00bb.<\/p>\n<p>\u00abQuiero\u00a0<strong>que hagan lo que ellos quieran cuando sean grandes<\/strong>. Les encanta el f\u00fatbol, donde pueden buscan una canchita y una pelota. En casa\u00a0<strong>todo el tiempo quieren jugar al f\u00fatbol y seguido les digo: \u2018hoy no\u2019<\/strong>. De vez en cuando los dejo ganar sino despu\u00e9s lo tengo que aguantar a\u00a0<strong>Mateo, que es igual a m\u00ed cuando era chiquito. No le gusta perder<\/strong>, arma quilombo y pelea con los hermanos\u00bb, finaliz\u00f3.<\/p>\n<\/div>\n<div class=\"wp-block-lazyblock-leer-mas lazyblock-leer-mas-Z2qby8x\"><\/div>\n","protected":false},"excerpt":{"rendered":"<p>Lionel\u00a0Messi afirm\u00f3 hoy que Qatar 2022 podr\u00eda ser su \u00faltimo Mundial\u00a0y que el seleccionado argentino\u00a0no es el \u00abm\u00e1ximo favorito\u00bb de la competencia\u00a0porque hay equipos que se encuentran \u00abpor encima\u00bb en la consideraci\u00f3n para levantar la copa el 18 de diciembre en el estadio de Lusail.<\/p>\n","protected":false},"author":3,"featured_media":0,"comment_status":"open","ping_status":"open","sticky":false,"template":"","format":"standard","meta":{"_acf_changed":false,"footnotes":""},"categories":[],"tags":[],"class_list":["post-2307","post","type-post","status-publish","format-standard"],"acf":[],"aioseo_notices":[],"_links":{"self":[{"href":"https:\/\/infosports.com.ar\/web\/wp-json\/wp\/v2\/posts\/2307","targetHints":{"allow":["GET"]}}],"collection":[{"href":"https:\/\/infosports.com.ar\/web\/wp-json\/wp\/v2\/posts"}],"about":[{"href":"https:\/\/infosports.com.ar\/web\/wp-json\/wp\/v2\/types\/post"}],"author":[{"embeddable":true,"href":"https:\/\/infosports.com.ar\/web\/wp-json\/wp\/v2\/users\/3"}],"replies":[{"embeddable":true,"href":"https:\/\/infosports.com.ar\/web\/wp-json\/wp\/v2\/comments?post=2307"}],"version-history":[{"count":1,"href":"https:\/\/infosports.com.ar\/web\/wp-json\/wp\/v2\/posts\/2307\/revisions"}],"predecessor-version":[{"id":2309,"href":"https:\/\/infosports.com.ar\/web\/wp-json\/wp\/v2\/posts\/2307\/revisions\/2309"}],"wp:attachment":[{"href":"https:\/\/infosports.com.ar\/web\/wp-json\/wp\/v2\/media?parent=2307"}],"wp:term":[{"taxonomy":"category","embeddable":true,"href":"https:\/\/infosports.com.ar\/web\/wp-json\/wp\/v2\/categories?post=2307"},{"taxonomy":"post_tag","embeddable":true,"href":"https:\/\/infosports.com.ar\/web\/wp-json\/wp\/v2\/tags?post=2307"}],"curies":[{"name":"wp","href":"https:\/\/api.w.org\/{rel}","templated":true}]}}