{"id":2862,"date":"2023-11-29T19:40:55","date_gmt":"2023-11-29T19:40:55","guid":{"rendered":"https:\/\/infosports.com.ar\/web\/?p=2862"},"modified":"2023-11-29T19:40:55","modified_gmt":"2023-11-29T19:40:55","slug":"el-turismo-carretera-cerro-con-gran-remontada-de-manu-urcera","status":"publish","type":"post","link":"https:\/\/infosports.com.ar\/web\/el-turismo-carretera-cerro-con-gran-remontada-de-manu-urcera\/","title":{"rendered":"El Turismo Carretera cerr\u00f3 con gran remontada de Manu Urcera"},"content":{"rendered":"<section class=\"body-content\" data-twitter-link=\"https:\/\/twitter.com\/intent\/tweet?url=https:\/\/www.lmneuquen.com\/c993904&amp;v\u00eda=lmneuquen&amp;related=LM Neuquen&amp;text=\" data-td-script-src=\"https:\/\/www.lmneuquen.com\/js-custom\/195\/v2\/jquery-3.6.0.min-min-version-1621517491.js,https:\/\/www.lmneuquen.com\/js-custom\/195\/v2\/functions\/function-embeds-min-version-1622559975.js\">El\u00a0<strong>Turismo Carretera\u00a0<\/strong>cerr\u00f3 su primera carrera con una victoria en el aut\u00f3dromo de Viedma, en R\u00edo Negro, del \u201cZorro\u201d\u00a0<strong>Mariano Werner\u00a0<\/strong>quien ya comenz\u00f3 a demostrarle a\u00a0<strong>Manu Urcera\u00a0<\/strong>que no tendr\u00e1 nada f\u00e1cil su camino al bicampeonato en la m\u00e1xima categor\u00eda del automovilismo nacional.<\/p>\n<\/section>\n<p><!--more--><\/p>\n<section class=\"body-content\" data-twitter-link=\"https:\/\/twitter.com\/intent\/tweet?url=https:\/\/www.lmneuquen.com\/c993904&amp;v\u00eda=lmneuquen&amp;related=LM Neuquen&amp;text=\" data-td-script-src=\"https:\/\/www.lmneuquen.com\/js-custom\/195\/v2\/jquery-3.6.0.min-min-version-1621517491.js,https:\/\/www.lmneuquen.com\/js-custom\/195\/v2\/functions\/function-embeds-min-version-1622559975.js\">Adem\u00e1s de un gran rendimiento del Ford de Mariano Werner, el piloto cipole\u00f1o Jos\u00e9 Manuel Urcera tuvo la mala suerte de sufrir un toque en la serie de hoy, lo que lo oblig\u00f3 a partir la carrera en la \u00faltima ubicaci\u00f3n, en la posici\u00f3n 53\u00b0, lo que ya predispuso un panorama sumamente adverso para el actual campe\u00f3n del Maquin Parts.<\/p>\n<section class=\"body-content\" data-twitter-link=\"https:\/\/twitter.com\/intent\/tweet?url=https:\/\/www.lmneuquen.com\/c993904&amp;v\u00eda=lmneuquen&amp;related=LM Neuquen&amp;text=\" data-td-script-src=\"https:\/\/www.lmneuquen.com\/js-custom\/195\/v2\/jquery-3.6.0.min-min-version-1621517491.js,https:\/\/www.lmneuquen.com\/js-custom\/195\/v2\/functions\/function-embeds-min-version-1622559975.js\">Sin embargo, Urcera sac\u00f3 a relucir su chapa de campe\u00f3n y demostr\u00f3 por qu\u00e9 se gan\u00f3 el derecho a llevar el n\u00famero \u20181\u2019 en su Torino. Desde el fondo de la parrilla, Manu Urcera logr\u00f3 terminar en el puesto 14\u00b0, luego de haber librado grandes peleas con, por ejemplo Juan Cruz Benvenuti a falta de una vuelta para concluir la competici\u00f3n y por el puesto 15 de la carrera.<\/p>\n<\/section>\n<section class=\"body-content\" data-twitter-link=\"https:\/\/twitter.com\/intent\/tweet?url=https:\/\/www.lmneuquen.com\/c993904&amp;v\u00eda=lmneuquen&amp;related=LM Neuquen&amp;text=\" data-td-script-src=\"https:\/\/www.lmneuquen.com\/js-custom\/195\/v2\/jquery-3.6.0.min-min-version-1621517491.js,https:\/\/www.lmneuquen.com\/js-custom\/195\/v2\/functions\/function-embeds-min-version-1622559975.js\">En cuanto al resultado general de la Final del TC, a Mariano Werner lo acompa\u00f1aron el \u201cPincho\u201d Jonatan Castellano con su Dodge y el podio lo logr\u00f3 completar Juan Catal\u00e1n Magni.<\/p>\n<p>De esta manera, el campeonato lo lidera el de Ford, Mariano Werner con un total de 47 puntos, luego de tambi\u00e9n haberse hecho con la serie 1, m\u00e1s temprano esta ma\u00f1ana. Seguido por sus escoltas en la carrera, Castellano con 41,5 puntos y Catal\u00e1n Magni por detr\u00e1s con un total de 38 unidades. Todo esto mientras Jos\u00e9 Manuel Urcera se asienta en el puesto 15\u00b0, solamente con los puntos sumados en la carrera, un total de 21, por detr\u00e1s de Gast\u00f3n Mazzacane y a 26 puntos del l\u00edder tras la primera fecha, Mariano Werner.<\/p>\n<\/section>\n<\/section>\n<div class=\"banner-wrapper\">\n<div class=\"banner-libre\"><\/div>\n<\/div>\n","protected":false},"excerpt":{"rendered":"<p>El\u00a0Turismo Carretera\u00a0cerr\u00f3 su primera carrera con una victoria en el aut\u00f3dromo de Viedma, en R\u00edo Negro, del \u201cZorro\u201d\u00a0Mariano Werner\u00a0quien ya comenz\u00f3 a demostrarle a\u00a0Manu Urcera\u00a0que no tendr\u00e1 nada f\u00e1cil su camino al bicampeonato en la m\u00e1xima categor\u00eda del automovilismo nacional.<\/p>\n","protected":false},"author":3,"featured_media":0,"comment_status":"open","ping_status":"open","sticky":false,"template":"","format":"standard","meta":{"_acf_changed":false,"footnotes":""},"categories":[1],"tags":[],"class_list":{"0":"post-2862","1":"post","2":"type-post","3":"status-publish","4":"format-standard","6":"category-sin-categoria"},"acf":[],"aioseo_notices":[],"_links":{"self":[{"href":"https:\/\/infosports.com.ar\/web\/wp-json\/wp\/v2\/posts\/2862","targetHints":{"allow":["GET"]}}],"collection":[{"href":"https:\/\/infosports.com.ar\/web\/wp-json\/wp\/v2\/posts"}],"about":[{"href":"https:\/\/infosports.com.ar\/web\/wp-json\/wp\/v2\/types\/post"}],"author":[{"embeddable":true,"href":"https:\/\/infosports.com.ar\/web\/wp-json\/wp\/v2\/users\/3"}],"replies":[{"embeddable":true,"href":"https:\/\/infosports.com.ar\/web\/wp-json\/wp\/v2\/comments?post=2862"}],"version-history":[{"count":1,"href":"https:\/\/infosports.com.ar\/web\/wp-json\/wp\/v2\/posts\/2862\/revisions"}],"predecessor-version":[{"id":2864,"href":"https:\/\/infosports.com.ar\/web\/wp-json\/wp\/v2\/posts\/2862\/revisions\/2864"}],"wp:attachment":[{"href":"https:\/\/infosports.com.ar\/web\/wp-json\/wp\/v2\/media?parent=2862"}],"wp:term":[{"taxonomy":"category","embeddable":true,"href":"https:\/\/infosports.com.ar\/web\/wp-json\/wp\/v2\/categories?post=2862"},{"taxonomy":"post_tag","embeddable":true,"href":"https:\/\/infosports.com.ar\/web\/wp-json\/wp\/v2\/tags?post=2862"}],"curies":[{"name":"wp","href":"https:\/\/api.w.org\/{rel}","templated":true}]}}