{"id":2874,"date":"2023-02-14T13:00:03","date_gmt":"2023-02-14T16:00:03","guid":{"rendered":"https:\/\/infosports.com.ar\/web\/?p=2874"},"modified":"2023-11-28T15:17:12","modified_gmt":"2023-11-28T15:17:12","slug":"con-podios-incluidos-gran-actuacion-regional-en-la-corrida-de-la-confluencia","status":"publish","type":"post","link":"https:\/\/infosports.com.ar\/web\/con-podios-incluidos-gran-actuacion-regional-en-la-corrida-de-la-confluencia\/","title":{"rendered":"Con podios incluidos gran actuaci\u00f3n regional en la Corrida de La Confluencia"},"content":{"rendered":"<p><strong>La Corrida de la Confluencia 2023\u00a0<\/strong>tuvo un acompa\u00f1amiento multitudinario en la<strong>\u00a0Isla 132 de Neuqu\u00e9n en lo que fue la nueva edici\u00f3n de la multitudinaria prueba, la cual sum\u00f3 aproximadamente 8000 corredores<\/strong>.<!--more--><\/p>\n<p><strong>El calor no fue un impedimento<\/strong>\u00a0para ser parte de una carrera que crece a cada a\u00f1o, a la par de la fiesta, en su\u00a0<strong>cuarta edici\u00f3n, con la etiqueta\u00a0 de Fiesta Nacional.<\/strong><\/p>\n<p><strong>Dicho evento como en cada edici\u00f3n tuvo acompa\u00f1amiento participativo de corredores de distintos puntos de la regi\u00f3n, incluidos Catrielenses y Veinticinque\u00f1os con excelentes actuaciones y podios incluidos, entre ellos destacada labor por parte de\u00a0 Angel Villa, quien subi\u00f3 al primer puesto en su divisional en 10k.<\/strong><\/p>\n<p>&nbsp;<\/p>\n<p style=\"text-align: center;\"><em><strong>Catriel<\/strong><\/em><\/p>\n<p>10K Femenino<\/p>\n<p>43, 9 (40-49 a\u00f1os) Ruiz, Monica Femeninas 40-49 a\u00f1os 00:56:45 Catriel<\/p>\n<p>10K Masculino<\/p>\n<p>32, 10 (20-29 a\u00f1os) chinchilla, Eneas Masculinos 20-29 a\u00f1os 00:41:45 Catriel<\/p>\n<p>38, 1 (50-59 a\u00f1os) Villa, Angel Armando Masculinos 50-59 a\u00f1os 00:42:59 Catriel<\/p>\n<p>15K Masculino<\/p>\n<p>129 15 (60 a\u00f1os +) Garro, \u00d3scar Alfredo Masculinos 60 y m\u00e1s a\u00f1os 01:21:32 Catriel<\/p>\n<p>161, 48 (40-49 a\u00f1os) Barrera, Ricardo Daniel Masculinos 40-49 a\u00f1os 01:38:10 Catriel<\/p>\n<p>&nbsp;<\/p>\n<p style=\"text-align: center;\"><em><strong>25 de Mayo<\/strong><\/em><\/p>\n<p>10k Femenino<\/p>\n<p>107 27 (40-49 a\u00f1os) Suarez, Jesica Femeninas 40-49 a\u00f1os 01:05:44 25 de Mayo.<\/p>\n<p>19 4 (40-49 a\u00f1os) Armani, Facundo Marcelo Masculinos 40-49 a\u00f1os 00:56:05 25 De Mayo<\/p>\n<p>49 12 (30-39 a\u00f1os) Rojel , Angel Masculinos 20-29 a\u00f1os 01:04:09 25 de mayo<\/p>\n","protected":false},"excerpt":{"rendered":"<p>La Corrida de la Confluencia 2023\u00a0tuvo un acompa\u00f1amiento multitudinario en la\u00a0Isla 132 de Neuqu\u00e9n en lo que fue la nueva edici\u00f3n de la multitudinaria prueba, la cual sum\u00f3 aproximadamente 8000 corredores.<\/p>\n","protected":false},"author":3,"featured_media":0,"comment_status":"open","ping_status":"open","sticky":false,"template":"","format":"standard","meta":{"_acf_changed":false,"footnotes":""},"categories":[1],"tags":[],"class_list":{"0":"post-2874","1":"post","2":"type-post","3":"status-publish","4":"format-standard","6":"category-sin-categoria"},"acf":[],"aioseo_notices":[],"_links":{"self":[{"href":"https:\/\/infosports.com.ar\/web\/wp-json\/wp\/v2\/posts\/2874","targetHints":{"allow":["GET"]}}],"collection":[{"href":"https:\/\/infosports.com.ar\/web\/wp-json\/wp\/v2\/posts"}],"about":[{"href":"https:\/\/infosports.com.ar\/web\/wp-json\/wp\/v2\/types\/post"}],"author":[{"embeddable":true,"href":"https:\/\/infosports.com.ar\/web\/wp-json\/wp\/v2\/users\/3"}],"replies":[{"embeddable":true,"href":"https:\/\/infosports.com.ar\/web\/wp-json\/wp\/v2\/comments?post=2874"}],"version-history":[{"count":1,"href":"https:\/\/infosports.com.ar\/web\/wp-json\/wp\/v2\/posts\/2874\/revisions"}],"predecessor-version":[{"id":2876,"href":"https:\/\/infosports.com.ar\/web\/wp-json\/wp\/v2\/posts\/2874\/revisions\/2876"}],"wp:attachment":[{"href":"https:\/\/infosports.com.ar\/web\/wp-json\/wp\/v2\/media?parent=2874"}],"wp:term":[{"taxonomy":"category","embeddable":true,"href":"https:\/\/infosports.com.ar\/web\/wp-json\/wp\/v2\/categories?post=2874"},{"taxonomy":"post_tag","embeddable":true,"href":"https:\/\/infosports.com.ar\/web\/wp-json\/wp\/v2\/tags?post=2874"}],"curies":[{"name":"wp","href":"https:\/\/api.w.org\/{rel}","templated":true}]}}