{"id":2877,"date":"2023-02-15T11:40:47","date_gmt":"2023-02-15T14:40:47","guid":{"rendered":"https:\/\/infosports.com.ar\/web\/?p=2877"},"modified":"2023-11-28T15:16:53","modified_gmt":"2023-11-28T15:16:53","slug":"asi-se-va-a-jugar-el-nuevo-mundial-de-clubes-con-32-equipos","status":"publish","type":"post","link":"https:\/\/infosports.com.ar\/web\/asi-se-va-a-jugar-el-nuevo-mundial-de-clubes-con-32-equipos\/","title":{"rendered":"As\u00ed se va a jugar el nuevo Mundial de Clubes con 32 equipos"},"content":{"rendered":"<p>La Federaci\u00f3n Internacional de F\u00fatbol (FIFA) inform\u00f3, este martes, que<strong>\u00a0Arabia Saudita\u00a0<\/strong>ha sido seleccionada como sede del pr\u00f3ximo<strong>\u00a0Mundial de Clubes\u00a0<\/strong>que se disputar\u00e1 en diciembre de este a\u00f1o y adem\u00e1s revel\u00f3 c\u00f3mo ser\u00e1 el nuevo formato con\u00a0<strong>32 equipos a partir de 2025.<\/strong><!--more--><\/p>\n<p>Por unanimidad, el Consejo del ente madre del f\u00fatbol decidi\u00f3 que los saud\u00edes sean los que organicen el certamen internacional, que tendr\u00e1 lugar desde<strong>\u00a0el 12 al 22 de diciembre, en el que participar\u00e1n los seis campeones continentales\u00a0<\/strong>m\u00e1s el ganador de la liga del pa\u00eds anfitri\u00f3n.<\/p>\n<div id=\"inline_1\"><\/div>\n<p>Tambi\u00e9n, en esta reuni\u00f3n, se confirm\u00f3 modificaciones en la estructura del Mundial de Clubes que\u00a0<strong>pasar\u00e1 de 7 a 32 competidores en el a\u00f1o 2025<\/strong>\u00a0donde la UEFA tendr\u00e1 12 plazas,\u00a0<strong>la CONMEBOL seis<\/strong>, mientras que la CONCACAF, al igual que las confederaciones de Asia y \u00c1frica, tendr\u00e1n cuatro cada una. Adem\u00e1s, habr\u00e1 un lugar para la confederaci\u00f3n de Ocean\u00eda y otra para los anfitriones.<\/p>\n<p>De esta manera, el torneo se asemejar\u00e1 al<strong>\u00a0Mundial de selecciones<\/strong>, con mayor representaci\u00f3n de cada continente en un certamen m\u00e1s largo. Adem\u00e1s se disputar\u00eda\u00a0<strong>entre junio y julio.<\/strong><\/p>\n<div id=\"inline_2\"><\/div>\n<div class=\"twitter-tweet twitter-tweet-rendered\"><iframe id=\"twitter-widget-0\" class=\"\" title=\"Twitter Tweet\" src=\"https:\/\/platform.twitter.com\/embed\/Tweet.html?creatorScreenName=rionegrocomar&amp;dnt=false&amp;embedId=twitter-widget-0&amp;features=eyJ0ZndfdGltZWxpbmVfbGlzdCI6eyJidWNrZXQiOltdLCJ2ZXJzaW9uIjpudWxsfSwidGZ3X2ZvbGxvd2VyX2NvdW50X3N1bnNldCI6eyJidWNrZXQiOnRydWUsInZlcnNpb24iOm51bGx9LCJ0ZndfdHdlZXRfZWRpdF9iYWNrZW5kIjp7ImJ1Y2tldCI6Im9uIiwidmVyc2lvbiI6bnVsbH0sInRmd19yZWZzcmNfc2Vzc2lvbiI6eyJidWNrZXQiOiJvbiIsInZlcnNpb24iOm51bGx9LCJ0Zndfc2hvd19idXNpbmVzc192ZXJpZmllZF9iYWRnZSI6eyJidWNrZXQiOiJvbiIsInZlcnNpb24iOm51bGx9LCJ0ZndfbWl4ZWRfbWVkaWFfMTU4OTciOnsiYnVja2V0IjoidHJlYXRtZW50IiwidmVyc2lvbiI6bnVsbH0sInRmd19leHBlcmltZW50c19jb29raWVfZXhwaXJhdGlvbiI6eyJidWNrZXQiOjEyMDk2MDAsInZlcnNpb24iOm51bGx9LCJ0ZndfZHVwbGljYXRlX3NjcmliZXNfdG9fc2V0dGluZ3MiOnsiYnVja2V0Ijoib24iLCJ2ZXJzaW9uIjpudWxsfSwidGZ3X3ZpZGVvX2hsc19keW5hbWljX21hbmlmZXN0c18xNTA4MiI6eyJidWNrZXQiOiJ0cnVlX2JpdHJhdGUiLCJ2ZXJzaW9uIjpudWxsfSwidGZ3X3Nob3dfYmx1ZV92ZXJpZmllZF9iYWRnZSI6eyJidWNrZXQiOiJvbiIsInZlcnNpb24iOm51bGx9LCJ0ZndfbGVnYWN5X3RpbWVsaW5lX3N1bnNldCI6eyJidWNrZXQiOnRydWUsInZlcnNpb24iOm51bGx9LCJ0Zndfc2hvd19nb3ZfdmVyaWZpZWRfYmFkZ2UiOnsiYnVja2V0Ijoib24iLCJ2ZXJzaW9uIjpudWxsfSwidGZ3X3Nob3dfYnVzaW5lc3NfYWZmaWxpYXRlX2JhZGdlIjp7ImJ1Y2tldCI6Im9uIiwidmVyc2lvbiI6bnVsbH0sInRmd190d2VldF9lZGl0X2Zyb250ZW5kIjp7ImJ1Y2tldCI6Im9uIiwidmVyc2lvbiI6bnVsbH19&amp;frame=false&amp;hideCard=false&amp;hideThread=false&amp;id=1625591234688344104&amp;lang=es&amp;origin=https%3A%2F%2Fwww.rionegro.com.ar%2Fdeportes%2Ffutbol%2Fasi-se-va-a-jugar-el-nuevo-mundial-de-clubes-con-32-equipos-2744215%2F&amp;sessionId=9fb95ea9f3255a2f5b09b03e9f4db39bc2d97dbb&amp;siteScreenName=rionegrocomar&amp;theme=light&amp;widgetsVersion=aaf4084522e3a%3A1674595607486&amp;width=550px\" frameborder=\"0\" scrolling=\"no\" allowfullscreen=\"allowfullscreen\" data-tweet-id=\"1625591234688344104\" data-mce-fragment=\"1\"><\/iframe><\/div>\n<p>El \u00faltimo Mundial de Clubes, que termin\u00f3 el s\u00e1bado pasado,<strong>\u00a0consagr\u00f3 al Real Madrid\u00a0<\/strong>que le gan\u00f3 5 a 3 al Al Hilal de Arabia Saudita, dirigido por Ram\u00f3n D\u00edaz, que elimin\u00f3 a Flamengo en semifinales.<\/p>\n<p>Por \u00faltimo, se determin\u00f3 que\u00a0<strong>Estados Unidos, M\u00e9xico y Canad\u00e1 clasificar\u00e1n autom\u00e1ticamente para el Mundial de 2026<\/strong>\u00a0como coanfitriones del torneo.<\/p>\n<div class=\"wp-block-lazyblock-leer-mas lazyblock-leer-mas-1csn6M\"><\/div>\n","protected":false},"excerpt":{"rendered":"<p>La Federaci\u00f3n Internacional de F\u00fatbol (FIFA) inform\u00f3, este martes, que\u00a0Arabia Saudita\u00a0ha sido seleccionada como sede del pr\u00f3ximo\u00a0Mundial de Clubes\u00a0que se disputar\u00e1 en diciembre de este a\u00f1o y adem\u00e1s revel\u00f3 c\u00f3mo ser\u00e1 el nuevo formato con\u00a032 equipos a partir de 2025.<\/p>\n","protected":false},"author":3,"featured_media":0,"comment_status":"open","ping_status":"open","sticky":false,"template":"","format":"standard","meta":{"_acf_changed":false,"footnotes":""},"categories":[1],"tags":[],"class_list":{"0":"post-2877","1":"post","2":"type-post","3":"status-publish","4":"format-standard","6":"category-sin-categoria"},"acf":[],"aioseo_notices":[],"_links":{"self":[{"href":"https:\/\/infosports.com.ar\/web\/wp-json\/wp\/v2\/posts\/2877","targetHints":{"allow":["GET"]}}],"collection":[{"href":"https:\/\/infosports.com.ar\/web\/wp-json\/wp\/v2\/posts"}],"about":[{"href":"https:\/\/infosports.com.ar\/web\/wp-json\/wp\/v2\/types\/post"}],"author":[{"embeddable":true,"href":"https:\/\/infosports.com.ar\/web\/wp-json\/wp\/v2\/users\/3"}],"replies":[{"embeddable":true,"href":"https:\/\/infosports.com.ar\/web\/wp-json\/wp\/v2\/comments?post=2877"}],"version-history":[{"count":1,"href":"https:\/\/infosports.com.ar\/web\/wp-json\/wp\/v2\/posts\/2877\/revisions"}],"predecessor-version":[{"id":2879,"href":"https:\/\/infosports.com.ar\/web\/wp-json\/wp\/v2\/posts\/2877\/revisions\/2879"}],"wp:attachment":[{"href":"https:\/\/infosports.com.ar\/web\/wp-json\/wp\/v2\/media?parent=2877"}],"wp:term":[{"taxonomy":"category","embeddable":true,"href":"https:\/\/infosports.com.ar\/web\/wp-json\/wp\/v2\/categories?post=2877"},{"taxonomy":"post_tag","embeddable":true,"href":"https:\/\/infosports.com.ar\/web\/wp-json\/wp\/v2\/tags?post=2877"}],"curies":[{"name":"wp","href":"https:\/\/api.w.org\/{rel}","templated":true}]}}