{"id":2880,"date":"2023-02-15T12:52:23","date_gmt":"2023-02-15T15:52:23","guid":{"rendered":"https:\/\/infosports.com.ar\/web\/?p=2880"},"modified":"2023-11-28T15:16:15","modified_gmt":"2023-11-28T15:16:15","slug":"ignacio-serra-nuevamente-convocado-a-los-selectivos-2023","status":"publish","type":"post","link":"https:\/\/infosports.com.ar\/web\/ignacio-serra-nuevamente-convocado-a-los-selectivos-2023\/","title":{"rendered":"Ignacio Serra nuevamente convocado a los Selectivos 2023"},"content":{"rendered":"<p>Ignacio Serra nuevamente citado por el Cuerpo T\u00e9cnico Nacional para disputar los Selectivos 2023 en la Especialidad Tenis de Mesa, con el objetivo de integrar la Selecci\u00f3n Argentina que pr\u00f3ximamente participar\u00e1 el en Sudamericano de Tenis de Mesa a disputarse en Asunci\u00f3n del Paraguay del 11 al 16 de Mayo.<!--more--><\/p>\n<p>Los Selectivos se disputar\u00e1n en la Ciudad de La Banda (Santiago del Estero) del 21 al 23 de febrero. Dicho Torneo Selectivos es de modalidad todos vs todos y otorga 4 plazas femeninas y 4 plazas masculinas.<\/p>\n<p>Ignacio quien surgi\u00f3 de la Escuela Municipal de Tenis de Mesa de Catriel quien est\u00e1 a Cargo del Profesor Cristian Pereyra es un destacado deportista y animador de cada Torneo donde participa.<\/p>\n<p>Desde hace tiempo ocupa los primeros lugares del Ranking Nacional donde se destaca por su garra al jugar.<\/p>\n<p>Cristian Pereyra declar\u00f3 : Los Selectivos son Torneos que se disputan con las pulsaciones a 1000, ya que no te permite relegarte porque te quedas afuera, pero Ignacio tiene un plus que lo hace un firme candidato a ocupar 1 de las 4 plazas.<\/p>\n<p>Desde el Inicio de a\u00f1o Ignacio viene trabajando fuertemente acompa\u00f1ado por su hermano Santiago y\u00a0 varios Profesores, en la Plata junto a Daniel Chu, tambi\u00e9n trabajo en el CEnard junto al Cuerpo T\u00e9cnico Nacional y esta \u00faltima etapa lo realizar\u00e1 junto a Cristian Pereyra en Catriel .<\/p>\n<p>Trataremos de ajustar su juego estas \u00faltimas semanas para que llegue de la mejor manera a los Selectivos y al 1er Gran Prix Nacional.<\/p>\n<p>Actualmente IGNACIO es ocupa el 2do Lugar en el Ranking Sub 13 y el 6to lugar en Sub 15 en el Ranking Nacional.<\/p>\n<p>Los deportistas Citados por el Cuerpo T\u00e9cnico Nacional para disputar los Selectivos son los Siguientes:<\/p>\n<p>&nbsp;<\/p>\n<p><em><strong>Masculino sub 13:<\/strong><\/em><\/p>\n<ol>\n<li>Carranza Mateo (Fetemba)<\/li>\n<li>Serra Ignacio (Rio Negro)<\/li>\n<li>Rossi Vera, Santino (Fetemba)<\/li>\n<li>Mart\u00ednez Tob\u00edas (San Luis)<\/li>\n<li>Molina Juan Martin (Fetemba)<\/li>\n<li>Maragna Gaston (Mendoza)<\/li>\n<li>Axon Juan Cruz (Chaco)<\/li>\n<li>Nakagama Alan Jun (Fetemba)<\/li>\n<li>Nu\u00f1ez Santiago (Chaco)<\/li>\n<li>Videla Fabrizio (Mendoza)<\/li>\n<li>Benitez Emanuel (Jujuy)<\/li>\n<li>Gallardo Matias (Mendoza)<\/li>\n<li>Infante Alejo (Salta)<\/li>\n<li>Notturno Nicolas (Fetem.<\/li>\n<\/ol>\n<p>Es de destacar que la Escuela Municipal de Catriel siempre se destaca en Tenis de Mesa y otorga desde hace a\u00f1os jugadores a la Selecci\u00f3n Argentina.<\/p>\n<p>&nbsp;<\/p>\n<p>&nbsp;<\/p>\n","protected":false},"excerpt":{"rendered":"<p>Ignacio Serra nuevamente citado por el Cuerpo T\u00e9cnico Nacional para disputar los Selectivos 2023 en la Especialidad Tenis de Mesa, con el objetivo de integrar la Selecci\u00f3n Argentina que pr\u00f3ximamente participar\u00e1 el en Sudamericano de Tenis de Mesa a disputarse en Asunci\u00f3n del Paraguay del 11 al 16 de Mayo.<\/p>\n","protected":false},"author":3,"featured_media":0,"comment_status":"open","ping_status":"open","sticky":false,"template":"","format":"standard","meta":{"_acf_changed":false,"footnotes":""},"categories":[1],"tags":[],"class_list":{"0":"post-2880","1":"post","2":"type-post","3":"status-publish","4":"format-standard","6":"category-sin-categoria"},"acf":[],"aioseo_notices":[],"_links":{"self":[{"href":"https:\/\/infosports.com.ar\/web\/wp-json\/wp\/v2\/posts\/2880","targetHints":{"allow":["GET"]}}],"collection":[{"href":"https:\/\/infosports.com.ar\/web\/wp-json\/wp\/v2\/posts"}],"about":[{"href":"https:\/\/infosports.com.ar\/web\/wp-json\/wp\/v2\/types\/post"}],"author":[{"embeddable":true,"href":"https:\/\/infosports.com.ar\/web\/wp-json\/wp\/v2\/users\/3"}],"replies":[{"embeddable":true,"href":"https:\/\/infosports.com.ar\/web\/wp-json\/wp\/v2\/comments?post=2880"}],"version-history":[{"count":1,"href":"https:\/\/infosports.com.ar\/web\/wp-json\/wp\/v2\/posts\/2880\/revisions"}],"predecessor-version":[{"id":2882,"href":"https:\/\/infosports.com.ar\/web\/wp-json\/wp\/v2\/posts\/2880\/revisions\/2882"}],"wp:attachment":[{"href":"https:\/\/infosports.com.ar\/web\/wp-json\/wp\/v2\/media?parent=2880"}],"wp:term":[{"taxonomy":"category","embeddable":true,"href":"https:\/\/infosports.com.ar\/web\/wp-json\/wp\/v2\/categories?post=2880"},{"taxonomy":"post_tag","embeddable":true,"href":"https:\/\/infosports.com.ar\/web\/wp-json\/wp\/v2\/tags?post=2880"}],"curies":[{"name":"wp","href":"https:\/\/api.w.org\/{rel}","templated":true}]}}