{"id":2883,"date":"2023-02-18T10:26:47","date_gmt":"2023-02-18T13:26:47","guid":{"rendered":"https:\/\/infosports.com.ar\/web\/?p=2883"},"modified":"2023-11-28T15:19:55","modified_gmt":"2023-11-28T15:19:55","slug":"a-los-73-anos-ya-recorrio-25-000-km-en-su-bicicleta-la-brujita","status":"publish","type":"post","link":"https:\/\/infosports.com.ar\/web\/a-los-73-anos-ya-recorrio-25-000-km-en-su-bicicleta-la-brujita\/","title":{"rendered":"A los 73 a\u00f1os, ya recorri\u00f3 25.000 km en su bicicleta &#8220;la brujita&#8221;"},"content":{"rendered":"<p>Susana es una deportista de la ciudad de General Roca con una edad cronol\u00f3gica de 73 a\u00f1os pero con un esp\u00edritu vital sin tiempos.<!--more--> Esta semana decidi\u00f3 rodar con su bicicleta, a la que cari\u00f1osamente llama La Brujita. Su intenci\u00f3n es unir de ida y vuelta su ciudad con los pueblos lim\u00edtrofes a la cordillera del lado del vecino pa\u00eds de Chile. En tanto \u201cCristi\u201d Arce, como todos la conocen en la ciudad por su amable atenci\u00f3n a los jubilados en el banco provincial, tiene 57 a\u00f1os y por prescripci\u00f3n m\u00e9dica sale todos los d\u00edas a andar en bicicleta por la ciclov\u00eda zapalina.<\/p>\n<p>Sus destinos se cruzaron y ya hilvanaron una incipiente amistad para en alg\u00fan momento emprender los mismos desaf\u00edos con la misma meta. Cristina, en contacto con\u00a0<strong>LMNeuqu\u00e9n<\/strong>, relat\u00f3 el apasionante encuentro que la tuvo como una de las protagonistas.<\/p>\n<p>Fue terrible. Una emoci\u00f3n tremenda. Yo voy por la ciclov\u00eda todos los d\u00edas hasta el aeropuerto porque estoy en tratamiento m\u00e9dico por las cuerdas vocales, entonces me recomendaron salir al aire libre y hacer mis ejercicios. En un momento me llam\u00f3 la atenci\u00f3n que por la ruta iba una bicicleta muy cargada. Llegando al km 6 me cruzo para sacarle una foto a la bici y cuando estoy m\u00e1s cerca me doy cuenta que ven\u00eda una mujer y entonces decid\u00ed filmar ese momento para compartir esa linda experiencia<\/p>\n<p><a href=\"https:\/\/infosports.com.ar\/web\/wp-content\/uploads\/2023\/02\/susana-seifert-ciclista-73-anos-portada-facebook-susanajpg__jpg.jpg\"><img loading=\"lazy\" decoding=\"async\" class=\"alignnone size-medium wp-image-2884\" src=\"https:\/\/infosports.com.ar\/web\/wp-content\/uploads\/2023\/02\/susana-seifert-ciclista-73-anos-portada-facebook-susanajpg__jpg-300x169.jpg\" alt=\"\" width=\"300\" height=\"169\" \/><\/a><\/p>\n<p>Agreg\u00f3 que \u201clo que me pas\u00f3 a mi fue terrible porque tengo 57 a\u00f1os y mi anhelo es ser como Susana, me sirvi\u00f3 de inspiraci\u00f3n y motivaci\u00f3n para en alg\u00fan momento de mi vida hacer lo mismo que ella\u201d.<\/p>\n<p>Cristina cont\u00f3 que es empleada de la sucursal del BPN de la ciudad de Zapala y que por estos momentos est\u00e1 con certificado m\u00e9dico y no puede hablar mucho. \u201cLa verdad que fue terrible el encuentro con Susana y no me priv\u00e9 de preguntarle nada\u201d. Luego cont\u00f3 que es bastante deportista, que hace trekking y algo de monta\u00f1ismo, por caso ya coron\u00f3 dos cumbres en el volc\u00e1n Copahue. Sin embargo, confes\u00f3 que \u201cmi anhelo desde siempre es hacer lo de Susana, y ya le dije que nos vamos a contactar para seguir la amistad. Quiero tomar su ejemplo y poder hacer lo mismo. Para mi es una genia\u201d.<\/p>\n<p>Por \u00faltimo, relat\u00f3 que \u201cdespu\u00e9s que cortamos el video nos quedamos charlando un poco m\u00e1s y me cont\u00f3 que era viuda, que no ten\u00eda hijos y que hac\u00eda varios a\u00f1os que realizaba esta actividad. Despu\u00e9s nos despedimos, le dese\u00e9 un buen viaje y me qued\u00e9 sintiendo una profunda admiraci\u00f3n por ella\u201d.<\/p>\n<p><a href=\"https:\/\/infosports.com.ar\/web\/wp-content\/uploads\/2023\/02\/susana-seifert-ciclista-73-anos-la-bici-la-rusita-laguna-blancajpg__jpg.jpg\"><img loading=\"lazy\" decoding=\"async\" class=\"alignnone size-medium wp-image-2885\" src=\"https:\/\/infosports.com.ar\/web\/wp-content\/uploads\/2023\/02\/susana-seifert-ciclista-73-anos-la-bici-la-rusita-laguna-blancajpg__jpg-300x169.jpg\" alt=\"\" width=\"300\" height=\"169\" \/><\/a><\/p>\n<p>A su vez, Susana va a bordo de su bicicleta con el desaf\u00edo en sus pies de unir dos pa\u00edses. \u201cMi objetivo es llegar a Alumin\u00e9. Hasta Zapala me vine con la camioneta del diario por el hecho de que ya hice tres veces el camino. Esto a pesar de ser en subida y que nunca lo hice en bici te va sorprendiendo\u201d, le cont\u00f3 a su ocasional compa\u00f1era de ruta. \u201cHago Alumin\u00e9, Pehuenia, paso a Chile por Icalma, de Icalma paso por todos los pueblos para salir en Pino Hachado y llegar luego a Las Lajas. Desde ah\u00ed s\u00ed quiero volver por la misma ruta porque nunca la hice al rev\u00e9s\u201d, explic\u00f3.<\/p>\n<p><strong>Redes<\/strong><\/p>\n<p>Susana es deportista y se lleva bastante bien con las redes sociales, de manera que va posteando algunas alternativas de su viaje. \u201cVoy publicando en mi Facebook por donde voy por una cuesti\u00f3n de seguridad, si mi familia a la noche no me ve o que no llegu\u00e9 puede que haya alguna raz\u00f3n o alguien me pudo haber visto en el camino\u201d, dijo.<\/p>\n<p>Luego destac\u00f3 que \u201cas\u00ed es mi vida, ya llevo m\u00e1s de 25.000 mil kil\u00f3metros hechos con la bici y voy recorriendo distintas rutas, tratando de no repetir. Yo paro en hospedajes s\u00ed o s\u00ed\u201d. \u201cHay que disfrutar el camino, muy pocas veces he pinchado, he tenido suerte. Esta bicicleta se llama La Brujita. Hemos hecho varios viajes y nos llevamos re bien, si no estamos juntas nos extra\u00f1amos. En esta oportunidad no traje bolsa de dormir, no soy de andar con muchas pretensiones porque para m\u00ed la prioridad es la bicicleta y centrarme en ella, sino puedo entrar a la habitaci\u00f3n con la bicicleta busco otro lugar\u201d, relat\u00f3.<\/p>\n<p>A pesar de andar en la ruta y en bicicleta Susana le se\u00f1al\u00f3 a Cristina que nunca hay que perder la coqueter\u00eda de mujer. \u201cYo tengo todas mis pertenencias, llevo mis elementos de higiene personal, las cositas que uso. Voy acompa\u00f1ada de dos peluches, uno me lo dieron en una escuela. Porque yo siempre que salgo llevo banderas de Rio Negro o de Argentina y las voy repartiendo en el camino\u201d.<\/p>\n<p>&nbsp;<\/p>\n","protected":false},"excerpt":{"rendered":"<p>Susana es una deportista de la ciudad de General Roca con una edad cronol\u00f3gica de 73 a\u00f1os pero con un esp\u00edritu vital sin tiempos.<\/p>\n","protected":false},"author":3,"featured_media":0,"comment_status":"open","ping_status":"open","sticky":false,"template":"","format":"standard","meta":{"_acf_changed":false,"footnotes":""},"categories":[1],"tags":[],"class_list":{"0":"post-2883","1":"post","2":"type-post","3":"status-publish","4":"format-standard","6":"category-sin-categoria"},"acf":[],"aioseo_notices":[],"_links":{"self":[{"href":"https:\/\/infosports.com.ar\/web\/wp-json\/wp\/v2\/posts\/2883","targetHints":{"allow":["GET"]}}],"collection":[{"href":"https:\/\/infosports.com.ar\/web\/wp-json\/wp\/v2\/posts"}],"about":[{"href":"https:\/\/infosports.com.ar\/web\/wp-json\/wp\/v2\/types\/post"}],"author":[{"embeddable":true,"href":"https:\/\/infosports.com.ar\/web\/wp-json\/wp\/v2\/users\/3"}],"replies":[{"embeddable":true,"href":"https:\/\/infosports.com.ar\/web\/wp-json\/wp\/v2\/comments?post=2883"}],"version-history":[{"count":1,"href":"https:\/\/infosports.com.ar\/web\/wp-json\/wp\/v2\/posts\/2883\/revisions"}],"predecessor-version":[{"id":2887,"href":"https:\/\/infosports.com.ar\/web\/wp-json\/wp\/v2\/posts\/2883\/revisions\/2887"}],"wp:attachment":[{"href":"https:\/\/infosports.com.ar\/web\/wp-json\/wp\/v2\/media?parent=2883"}],"wp:term":[{"taxonomy":"category","embeddable":true,"href":"https:\/\/infosports.com.ar\/web\/wp-json\/wp\/v2\/categories?post=2883"},{"taxonomy":"post_tag","embeddable":true,"href":"https:\/\/infosports.com.ar\/web\/wp-json\/wp\/v2\/tags?post=2883"}],"curies":[{"name":"wp","href":"https:\/\/api.w.org\/{rel}","templated":true}]}}