{"id":2909,"date":"2023-11-29T19:40:55","date_gmt":"2023-11-29T19:40:55","guid":{"rendered":"https:\/\/infosports.com.ar\/web\/?p=2909"},"modified":"2023-11-29T19:40:55","modified_gmt":"2023-11-29T19:40:55","slug":"se-viene-la-3-travesia-en-kayak-al-rio-colorado","status":"publish","type":"post","link":"https:\/\/infosports.com.ar\/web\/se-viene-la-3-travesia-en-kayak-al-rio-colorado\/","title":{"rendered":"Se viene la 3\u00b0 Traves\u00eda en Kayak al Rio Colorado"},"content":{"rendered":"<p>El s\u00e1bado 4 de marzo, se llevar\u00e1 a cabo la 3ra traves\u00eda del R\u00edo Colorado. Dicho evento es furor en la regi\u00f3n con sus pasadas edici\u00f3n y acoge deportistas aficionados a los deportes N\u00e1uticos de diferentes provincias como Bs As, La Pampa, Neuqu\u00e9n, Mendoza y R\u00edo Negro. <!--more--><\/p>\n<p>La primer traves\u00eda se disput\u00f3 en diciembre del 2022. La segunda el 11 de febrero del 2023 y la tercera si el clima lo dispone se realizar\u00e1 el s\u00e1bado 4 de marzo. El fin del evento continua siendo unificar lazos entre deportistas de diferentes localidades y provincias amantes de los deportes n\u00e1uticos.<\/p>\n<p>Es de destacar que a cada fecha se suman m\u00e1s adeptos y sobre todo mucha presencia femenina, destacaron los organizadores. La camarader\u00eda es incre\u00edble y de elogian, ya que no se trata de una competencia sino de disfrutar de un recurso importante para la regi\u00f3n como es Nuestro R\u00edo Colorado.<\/p>\n<p>Los organizadores profesor Cristian Pereyra y el Dr Gabriel Grondona quedaron muy conformes con la traves\u00eda ya disputadas y apuntan en este 2023 a formar una escuela de Kayak como as\u00ed tambi\u00e9n sumar un grupo de rescatistas que se puedan a colaborar con los Cuerpos de Bomberos tanto de 25 de Mayo La Pampa, como de Catriel Rio Negro<\/p>\n<p>Los interesados en sumarse pueden comunicarse al N\u00b0 299 &#8211; 5722128 Profesor (Cristian Pereyra) o al 299 &#8211; 5968930 Doctor (Gabriel Grondona) sumarse a la aventura.<\/p>\n","protected":false},"excerpt":{"rendered":"<p>El s\u00e1bado 4 de marzo, se llevar\u00e1 a cabo la 3ra traves\u00eda del R\u00edo Colorado. Dicho evento es furor en la regi\u00f3n con sus pasadas edici\u00f3n y acoge deportistas aficionados a los deportes N\u00e1uticos de diferentes provincias como Bs As, La Pampa, Neuqu\u00e9n, Mendoza y R\u00edo Negro.<\/p>\n","protected":false},"author":3,"featured_media":0,"comment_status":"open","ping_status":"open","sticky":false,"template":"","format":"standard","meta":{"_acf_changed":false,"footnotes":""},"categories":[1],"tags":[],"class_list":{"0":"post-2909","1":"post","2":"type-post","3":"status-publish","4":"format-standard","6":"category-sin-categoria"},"acf":[],"aioseo_notices":[],"_links":{"self":[{"href":"https:\/\/infosports.com.ar\/web\/wp-json\/wp\/v2\/posts\/2909","targetHints":{"allow":["GET"]}}],"collection":[{"href":"https:\/\/infosports.com.ar\/web\/wp-json\/wp\/v2\/posts"}],"about":[{"href":"https:\/\/infosports.com.ar\/web\/wp-json\/wp\/v2\/types\/post"}],"author":[{"embeddable":true,"href":"https:\/\/infosports.com.ar\/web\/wp-json\/wp\/v2\/users\/3"}],"replies":[{"embeddable":true,"href":"https:\/\/infosports.com.ar\/web\/wp-json\/wp\/v2\/comments?post=2909"}],"version-history":[{"count":1,"href":"https:\/\/infosports.com.ar\/web\/wp-json\/wp\/v2\/posts\/2909\/revisions"}],"predecessor-version":[{"id":2911,"href":"https:\/\/infosports.com.ar\/web\/wp-json\/wp\/v2\/posts\/2909\/revisions\/2911"}],"wp:attachment":[{"href":"https:\/\/infosports.com.ar\/web\/wp-json\/wp\/v2\/media?parent=2909"}],"wp:term":[{"taxonomy":"category","embeddable":true,"href":"https:\/\/infosports.com.ar\/web\/wp-json\/wp\/v2\/categories?post=2909"},{"taxonomy":"post_tag","embeddable":true,"href":"https:\/\/infosports.com.ar\/web\/wp-json\/wp\/v2\/tags?post=2909"}],"curies":[{"name":"wp","href":"https:\/\/api.w.org\/{rel}","templated":true}]}}