{"id":2915,"date":"2023-11-29T19:40:55","date_gmt":"2023-11-29T19:40:55","guid":{"rendered":"https:\/\/infosports.com.ar\/web\/?p=2915"},"modified":"2023-11-29T19:40:55","modified_gmt":"2023-11-29T19:40:55","slug":"serra-jugara-con-la-seleccion-argentina-el-sudamericano-de-tenis-de-mesa","status":"publish","type":"post","link":"https:\/\/infosports.com.ar\/web\/serra-jugara-con-la-seleccion-argentina-el-sudamericano-de-tenis-de-mesa\/","title":{"rendered":"Serra jugar\u00e1 con la selecci\u00f3n argentina el Sudamericano de tenis de mesa"},"content":{"rendered":"<p><strong>Ignacio Serra cumpli\u00f3 un gran trabajo en los selectivos de tenis de mesa y se gan\u00f3 un lugar en la selecci\u00f3n argentina que del 11 al 16 de mayo participar\u00e1<\/strong>\u00a0en una nueva edici\u00f3n del Sudamericano que se disputar\u00e1 en Asunci\u00f3n, Paraguay.<!--more--><\/p>\n<p><strong>Los selectivos se realizaron en La Banda, Santiago del Estero, con la presencia de los 16 mejores jugadores\u00a0<\/strong>de Argentina por el sistema de todos contra todos, entregando cuatro plazas para varones y otras tantas para mujeres.<\/p>\n<p><strong>Fueron tres selectivos en los que particip\u00f3 Serra, quien representa desde sus comienzos a la Escuela Municipal de Catriel, donde se formaron muchos jugadores. Se<\/strong>\u00a0despach\u00f3 con un interesante trabajo, ratificando el juego mostrado en otros cert\u00e1menes.<\/p>\n<div id=\"inline_1\"><\/div>\n<p>Nacho, quien es dirigido por Cristian Pereyra, en el primer selectivo perdi\u00f3 la final con Santino Rossi Vera, por un apretado 3 a 2. En el segundo volvi\u00f3 a perder en la definici\u00f3n, esta vez frente a Tob\u00edas Mart\u00ednez, por 3 a 0.<\/p>\n<p>Serra no se entreg\u00f3 y tuvo su revancha en el tercer selectivo, en el que dio cuenta de Mateo Caranza, por un categ\u00f3rico 3 a 0, que fue decisivo para asegurarse un lugar en la selecci\u00f3n argentina que participar\u00e1 en el Sudamericano de Paraguay.<\/p>\n<div id=\"inline_2\"><\/div>\n<p>La presencia de deportistas de Catriel en la selecci\u00f3n argentina de tenis de mesa no es nueva. En los \u00faltimos ocho a\u00f1os fueron parte del equipo tanto Tob\u00edas como Manu Pereyra y Santiago Serra, hermano de Nacho.<\/p>\n<figure class=\"wp-block-image size-large\"><img loading=\"lazy\" decoding=\"async\" class=\"wp-image-2766662\" src=\"https:\/\/www.rionegro.com.ar\/webwp-content\/uploads\/2023\/02\/IMG-20230225-WA0059.jpg?w=570\" sizes=\"auto, (max-width: 1261px) 100vw, 1261px\" srcset=\"https:\/\/www.rionegro.com.ar\/webwp-content\/uploads\/2023\/02\/IMG-20230225-WA0059.jpg 1261w, https:\/\/www.rionegro.com.ar\/webwp-content\/uploads\/2023\/02\/IMG-20230225-WA0059.jpg?resize=410,517 410w, https:\/\/www.rionegro.com.ar\/webwp-content\/uploads\/2023\/02\/IMG-20230225-WA0059.jpg?resize=768,970 768w, https:\/\/www.rionegro.com.ar\/webwp-content\/uploads\/2023\/02\/IMG-20230225-WA0059.jpg?resize=570,720 570w, https:\/\/www.rionegro.com.ar\/webwp-content\/uploads\/2023\/02\/IMG-20230225-WA0059.jpg?resize=1217,1536 1217w\" alt=\"\" width=\"1261\" height=\"1592\" \/><figcaption class=\"wp-element-caption\">Nacho perdi\u00f3 la final en dos de los selectivos y se impuso en el \u00faltimo, consiguiendo un lugar en la selecci\u00f3n argentina que participar\u00e1 en el Sudamericano de Asunci\u00f3n. Gentileza.<\/figcaption><\/figure>\n<p>Pereyra destac\u00f3 que \u201cNacho tiene muchas condiciones para llegar lejos, no solo por la calidad de su juego sino por su personalidad. Integrar la selecci\u00f3n argentina ser\u00e1 una gran experiencia para su campa\u00f1a\u201d.<\/p>\n<p>&nbsp;<\/p>\n<p>&nbsp;<\/p>\n<p>(Diario Rio Negro)<\/p>\n","protected":false},"excerpt":{"rendered":"<p>Ignacio Serra cumpli\u00f3 un gran trabajo en los selectivos de tenis de mesa y se gan\u00f3 un lugar en la selecci\u00f3n argentina que del 11 al 16 de mayo participar\u00e1\u00a0en una nueva edici\u00f3n del Sudamericano que se disputar\u00e1 en Asunci\u00f3n, Paraguay.<\/p>\n","protected":false},"author":3,"featured_media":0,"comment_status":"open","ping_status":"open","sticky":false,"template":"","format":"standard","meta":{"_acf_changed":false,"footnotes":""},"categories":[1],"tags":[],"class_list":{"0":"post-2915","1":"post","2":"type-post","3":"status-publish","4":"format-standard","6":"category-sin-categoria"},"acf":[],"aioseo_notices":[],"_links":{"self":[{"href":"https:\/\/infosports.com.ar\/web\/wp-json\/wp\/v2\/posts\/2915","targetHints":{"allow":["GET"]}}],"collection":[{"href":"https:\/\/infosports.com.ar\/web\/wp-json\/wp\/v2\/posts"}],"about":[{"href":"https:\/\/infosports.com.ar\/web\/wp-json\/wp\/v2\/types\/post"}],"author":[{"embeddable":true,"href":"https:\/\/infosports.com.ar\/web\/wp-json\/wp\/v2\/users\/3"}],"replies":[{"embeddable":true,"href":"https:\/\/infosports.com.ar\/web\/wp-json\/wp\/v2\/comments?post=2915"}],"version-history":[{"count":1,"href":"https:\/\/infosports.com.ar\/web\/wp-json\/wp\/v2\/posts\/2915\/revisions"}],"predecessor-version":[{"id":2916,"href":"https:\/\/infosports.com.ar\/web\/wp-json\/wp\/v2\/posts\/2915\/revisions\/2916"}],"wp:attachment":[{"href":"https:\/\/infosports.com.ar\/web\/wp-json\/wp\/v2\/media?parent=2915"}],"wp:term":[{"taxonomy":"category","embeddable":true,"href":"https:\/\/infosports.com.ar\/web\/wp-json\/wp\/v2\/categories?post=2915"},{"taxonomy":"post_tag","embeddable":true,"href":"https:\/\/infosports.com.ar\/web\/wp-json\/wp\/v2\/tags?post=2915"}],"curies":[{"name":"wp","href":"https:\/\/api.w.org\/{rel}","templated":true}]}}