{"id":2917,"date":"2023-11-29T19:40:55","date_gmt":"2023-11-29T19:40:55","guid":{"rendered":"https:\/\/infosports.com.ar\/web\/?p=2917"},"modified":"2023-11-29T19:40:55","modified_gmt":"2023-11-29T19:40:55","slug":"hugo-gonzalez-vuelve-a-dirigir-a-la-union-deportiva-catriel","status":"publish","type":"post","link":"https:\/\/infosports.com.ar\/web\/hugo-gonzalez-vuelve-a-dirigir-a-la-union-deportiva-catriel\/","title":{"rendered":"Hugo Gonz\u00e1lez vuelve a dirigir a la Uni\u00f3n Deportiva Catriel"},"content":{"rendered":"<p>Catriel-En las \u00faltimas horas se confirm\u00f3 a Hugo Gonz\u00e1lez como el entrenador de \u201cla Depo\u201d , llegando en un nuevo ciclo al club que lo vio debutar como T\u00e9cnico.<!--more--><span id=\"more-171951\"><\/span><\/p>\n<p>Gonz\u00e1lez quien se desvincul\u00f3 de Cuadro Nacional de com\u00fan acuerdo con aquella dirigencia, ( liga Sanrafaelina) donde estaba dirigiendo cuando luego de su \u00faltimo paso por \u00a0Uni\u00f3n Deportiva Catriel.<\/p>\n<p>Gonz\u00e1lez llega a la ciudad para armar el cuerpo t\u00e9cnico, con gente de la instituci\u00f3n , que este a\u00f1o disputar\u00e1 los torneos liguistas m\u00e1s el Regional Amateurs.<\/p>\n<p><a href=\"https:\/\/catriel25noticias.com\/wp-content\/uploads\/2021\/02\/hugo-gonzalez.jpg\" target=\"_blank\" rel=\"noopener\"><img loading=\"lazy\" decoding=\"async\" class=\"size-large wp-image-144420 aligncenter\" src=\"https:\/\/catriel25noticias.com\/wp-content\/uploads\/2021\/02\/hugo-gonzalez-340x363.jpg\" alt=\"g\" width=\"340\" height=\"363\" \/><\/a><\/p>\n<div id=\"inline-related-post\" class=\"mag-box mini-posts-box content-only\">\n<div class=\"container-wrapper\">\n<div class=\"widget-title the-global-title has-block-head-4\">\n<div class=\"the-subtitle\"><\/div>\n<\/div>\n<div class=\"mag-box-container clearfix\">\n<div class=\"post-widget-body \">\n<div class=\"post-meta\"><\/div>\n<\/div>\n<\/div>\n<\/div>\n<\/div>\n<p>El Club muy pronto llamara a la Asamblea, pero mientras esto ocurra se arm\u00f3 una comisi\u00f3n de apoyo. Mario Figueroa ser\u00e1 el delegado Catrielense en la liga Confluencia.<\/p>\n<p>El DT espera contar con la totalidad del plantel que se consagr\u00f3 campe\u00f3n, jugadores con los que trabajo en el apertura 2022, m\u00e1s la llegada de Goinex, Petreto, y la vuelta de Lautaro Rivero.<\/p>\n<p>A \u00a0poco m\u00e1s de 20 d\u00edas de iniciarse el Torneo, Catriel comenzar\u00e1 a trabajar con vista a lo que se viene. Hoy la instituci\u00f3n como en tantas otras oportunidades necesita del apoyo y la participaci\u00f3n de todos, tarea dif\u00edcil que hoy recae en muy pocas personas, siempre bas\u00e1ndose en la trayectoria y responsabilidad que avalan a los m\u00e1s de 40 a\u00f1os de vida.<\/p>\n<p>Contra viento y marea, el tercer club m\u00e1s ganador de la confluencia sigue de pie para dar pelea, con el incondicional apoyo de todos .<\/p>\n<p>Por (Mario Mu\u00f1oz \u2013 C25N)<\/p>\n","protected":false},"excerpt":{"rendered":"<p>Catriel-En las \u00faltimas horas se confirm\u00f3 a Hugo Gonz\u00e1lez como el entrenador de \u201cla Depo\u201d , llegando en un nuevo ciclo al club que lo vio debutar como T\u00e9cnico.<\/p>\n","protected":false},"author":3,"featured_media":0,"comment_status":"open","ping_status":"open","sticky":false,"template":"","format":"standard","meta":{"_acf_changed":false,"footnotes":""},"categories":[1],"tags":[],"class_list":{"0":"post-2917","1":"post","2":"type-post","3":"status-publish","4":"format-standard","6":"category-sin-categoria"},"acf":[],"aioseo_notices":[],"_links":{"self":[{"href":"https:\/\/infosports.com.ar\/web\/wp-json\/wp\/v2\/posts\/2917","targetHints":{"allow":["GET"]}}],"collection":[{"href":"https:\/\/infosports.com.ar\/web\/wp-json\/wp\/v2\/posts"}],"about":[{"href":"https:\/\/infosports.com.ar\/web\/wp-json\/wp\/v2\/types\/post"}],"author":[{"embeddable":true,"href":"https:\/\/infosports.com.ar\/web\/wp-json\/wp\/v2\/users\/3"}],"replies":[{"embeddable":true,"href":"https:\/\/infosports.com.ar\/web\/wp-json\/wp\/v2\/comments?post=2917"}],"version-history":[{"count":1,"href":"https:\/\/infosports.com.ar\/web\/wp-json\/wp\/v2\/posts\/2917\/revisions"}],"predecessor-version":[{"id":2918,"href":"https:\/\/infosports.com.ar\/web\/wp-json\/wp\/v2\/posts\/2917\/revisions\/2918"}],"wp:attachment":[{"href":"https:\/\/infosports.com.ar\/web\/wp-json\/wp\/v2\/media?parent=2917"}],"wp:term":[{"taxonomy":"category","embeddable":true,"href":"https:\/\/infosports.com.ar\/web\/wp-json\/wp\/v2\/categories?post=2917"},{"taxonomy":"post_tag","embeddable":true,"href":"https:\/\/infosports.com.ar\/web\/wp-json\/wp\/v2\/tags?post=2917"}],"curies":[{"name":"wp","href":"https:\/\/api.w.org\/{rel}","templated":true}]}}