{"id":2919,"date":"2023-11-29T19:40:55","date_gmt":"2023-11-29T19:40:55","guid":{"rendered":"https:\/\/infosports.com.ar\/web\/?p=2919"},"modified":"2023-11-29T19:40:55","modified_gmt":"2023-11-29T19:40:55","slug":"elisandro-espinosa-convocado-a-una-nueva-concentracion-con-la-seleccion","status":"publish","type":"post","link":"https:\/\/infosports.com.ar\/web\/elisandro-espinosa-convocado-a-una-nueva-concentracion-con-la-seleccion\/","title":{"rendered":"Elisandro Espinosa convocado a una nueva concentraci\u00f3n con la Selecci\u00f3n"},"content":{"rendered":"<div class=\"x11i5rnm xat24cr x1mh8g0r x1vvkbs xtlvy1s x126k92a\">\n<div dir=\"auto\">El atleta veinticinque\u00f1o, Elisandro Espinoza; se encuentra participando de la 2\u00b0 concentraci\u00f3n de la Selecci\u00f3n de La Pampa para deportistas con discapacidad.<\/div>\n<\/div>\n<p><!--more--><\/p>\n<div class=\"x11i5rnm xat24cr x1mh8g0r x1vvkbs xtlvy1s x126k92a\">\n<div dir=\"auto\">La misma se prepara para competir en los juegos ParaAraucania 2023 que se realizar\u00e1n en Chile, a fines de abril,<\/div>\n<div dir=\"auto\">Elisandro viaj\u00f3 a la capital pampeana donde se encuentra practicando junto al resto de compa\u00f1eros\/as de los distintos lugares de la provincia.<\/div>\n<\/div>\n<div class=\"x11i5rnm xat24cr x1mh8g0r x1vvkbs xtlvy1s x126k92a\">\n<div dir=\"auto\">En esta ocasi\u00f3n los entrenamientos se realizan en el predio de la Laguna Don Tom\u00e1s, donde se encuentra la pista de solado sint\u00e9tico.<\/div>\n<div dir=\"auto\">La practica di\u00f3 inicio a las 10:00 horas y se extender\u00e1 hasta las 17:00 horas.<\/div>\n<div dir=\"auto\">La nataci\u00f3n y el atletismo fueron los puntos relevantes de esta concentraci\u00f3n.<\/div>\n<\/div>\n","protected":false},"excerpt":{"rendered":"<p>El atleta veinticinque\u00f1o, Elisandro Espinoza; se encuentra participando de la 2\u00b0 concentraci\u00f3n de la Selecci\u00f3n de La Pampa para deportistas con discapacidad.<\/p>\n","protected":false},"author":3,"featured_media":0,"comment_status":"open","ping_status":"open","sticky":false,"template":"","format":"standard","meta":{"_acf_changed":false,"footnotes":""},"categories":[1],"tags":[],"class_list":{"0":"post-2919","1":"post","2":"type-post","3":"status-publish","4":"format-standard","6":"category-sin-categoria"},"acf":[],"aioseo_notices":[],"_links":{"self":[{"href":"https:\/\/infosports.com.ar\/web\/wp-json\/wp\/v2\/posts\/2919","targetHints":{"allow":["GET"]}}],"collection":[{"href":"https:\/\/infosports.com.ar\/web\/wp-json\/wp\/v2\/posts"}],"about":[{"href":"https:\/\/infosports.com.ar\/web\/wp-json\/wp\/v2\/types\/post"}],"author":[{"embeddable":true,"href":"https:\/\/infosports.com.ar\/web\/wp-json\/wp\/v2\/users\/3"}],"replies":[{"embeddable":true,"href":"https:\/\/infosports.com.ar\/web\/wp-json\/wp\/v2\/comments?post=2919"}],"version-history":[{"count":1,"href":"https:\/\/infosports.com.ar\/web\/wp-json\/wp\/v2\/posts\/2919\/revisions"}],"predecessor-version":[{"id":2921,"href":"https:\/\/infosports.com.ar\/web\/wp-json\/wp\/v2\/posts\/2919\/revisions\/2921"}],"wp:attachment":[{"href":"https:\/\/infosports.com.ar\/web\/wp-json\/wp\/v2\/media?parent=2919"}],"wp:term":[{"taxonomy":"category","embeddable":true,"href":"https:\/\/infosports.com.ar\/web\/wp-json\/wp\/v2\/categories?post=2919"},{"taxonomy":"post_tag","embeddable":true,"href":"https:\/\/infosports.com.ar\/web\/wp-json\/wp\/v2\/tags?post=2919"}],"curies":[{"name":"wp","href":"https:\/\/api.w.org\/{rel}","templated":true}]}}