{"id":2922,"date":"2023-11-29T19:40:55","date_gmt":"2023-11-29T19:40:55","guid":{"rendered":"https:\/\/infosports.com.ar\/web\/?p=2922"},"modified":"2023-11-29T19:40:55","modified_gmt":"2023-11-29T19:40:55","slug":"fiesta-de-la-actividad-fisica-2023-horarios-grilla-de-artistas-y-clima","status":"publish","type":"post","link":"https:\/\/infosports.com.ar\/web\/fiesta-de-la-actividad-fisica-2023-horarios-grilla-de-artistas-y-clima\/","title":{"rendered":"Fiesta de la actividad f\u00edsica 2023: horarios, grilla de artistas y clima"},"content":{"rendered":"<p>El s\u00e1bado 25 comenzaron las actividades en Cipolletti en el marco de la Fiesta de la Actividad Fisica con una serie de capacitaciones y cl\u00ednicas que se extender\u00e1n hasta el fin de semana con espect\u00e1culos nacionales y diversi\u00f3n en la ciudad. El plato fuerte como cada a\u00f1o ser\u00e1 la Corrida .\u00a0<strong>R\u00cdO NEGRO te cuenta todo lo que necesitas saber para vivir a pleno la fiesta\u00a0<\/strong>de la ciudad que se desarrollar\u00e1 en el predio de la calle Pacheco y Rivadavia.<!--more--><\/p>\n<p>Las actividades previstas para la Fiesta Nacional de la Actividad F\u00edsica comenzaron a desarrollarse desde\u00a0<strong>el s\u00e1bado 25 de febrero y se extender\u00e1n hasta el domingo 5 de marzo.<\/strong>\u00a0Los primeros d\u00edas se dedicar\u00e1n a<a href=\"https:\/\/www.rionegro.com.ar\/websociedad\/fiesta-de-la-actividad-fisica-de-cipolletti-que-charlas-se-dictaran-y-como-inscribirse-2733775\/\">\u00a0capacitaciones, cl\u00ednicas deportivas y reconocimientos a deportistas destacados.<\/a><\/p>\n<p>Iniciararon las\u00a0<strong>cl\u00ednicas Fitness\u00a0<\/strong>el lunes 27<strong>\u00a0y se extender\u00e1n el martes 28 de febrero y el 1 de marzo de 16 a 20 en el Estadio Municipal.\u00a0<\/strong>El evento est\u00e1 dirigido a instructores de Fitness y al p\u00fablico en general con o sin conocimiento previo. La cl\u00ednica ser\u00e1 dictada por instructores de Fitness y est\u00e1 orientada a la rama aer\u00f3bica, fitness de combate y localizada. Solo se entregar\u00e1 certificado a aquellos que acrediten su t\u00edtulo de instructor.<\/p>\n<p>El jueves 2 y viernes 3 de marzo, se desarrollar\u00e1n\u00a0<strong>las 9\u00b0 jornadas de capacitaci\u00f3n de actividad f\u00edsica<\/strong>. Tienen como principal objetivo \u00ab<strong>brindar herramientas<\/strong>\u00a0a docentes, estudiantes e instructores en el \u00e1mbito de la salud, el deporte, la educaci\u00f3n f\u00edsica, el tiempo libre y la recreaci\u00f3n\u00bb, describen desde la organizaci\u00f3n. Este tipo de encuentros, en formato de jornadas y congresos, se vienen desarrollando hace 14 a\u00f1os en la ciudad.<\/p>\n<p>El viernes 3, s\u00e1bado 4, y domingo 5 de marzo se realizar\u00e1n\u00a0<strong>espect\u00e1culos musicales<\/strong>\u00a0para disfrutar en familia, ser\u00e1n tres noches con la participaci\u00f3n\u00a0<strong>artistas locales y nacionales<\/strong>, en el predio ubicado en\u00a0<strong>Pacheco y Rivadavia<\/strong>. Adem\u00e1s estar\u00e1n disponibles stands institucionales, foodtrucks, feria de artesanos y emprendedores.<\/p>\n<p>El s\u00e1bado 4 de marzo se realizar\u00e1 la\u00a0<strong>37\u00b0 Corrida Ciudad de Cipolletti<\/strong>\u00a0con su tradicional prueba familiar de 4 kil\u00f3metros y la prueba competitiva de 10 kil\u00f3metros.<\/p>\n<p>Este 2023, la propuesta est\u00e1 basada en tres ejes: tiempo libre; recreaci\u00f3n y deportes alternativos; salud, educaci\u00f3n f\u00edsica y deportes. En el evento,\u00a0<strong>participar\u00e1n disertantes y profesionales regionales y nacionales<\/strong>, de diferentes especialidades relacionados con las tem\u00e1ticas propuestas.<\/p>\n<div class=\"wp-block-lazyblock-leer-mas lazyblock-leer-mas-Z173sGV\">\n<article class=\"news news--summary news--55-81\">\n<div class=\"news__data\">\n<h2 class=\"news__title\"><a title=\"El programa completo de la Fiesta Nacional de la Actividad F\u00edsica en Cipolletti\" href=\"https:\/\/www.rionegro.com.ar\/websociedad\/el-programa-completo-de-la-fiesta-nacional-de-la-actividad-fisica-en-cipolletti-2763443\/\">El programa completo de la Fiesta Nacional de la Actividad F\u00edsica en Cipolletti<\/a><\/h2>\n<\/div>\n<\/article>\n<\/div>\n<hr class=\"wp-block-separator has-alpha-channel-opacity\" \/>\n<h2>Cronograma de artistas por d\u00eda<\/h2>\n<hr class=\"wp-block-separator has-alpha-channel-opacity\" \/>\n<p><strong>Viernes 3<\/strong><\/p>\n<p><strong>Los Nocheros,<\/strong>\u00a0Constante de Plank, \u00c1ngel Estanga, Maca Montovi y Los Espinoza.<\/p>\n<p><strong>S\u00e1bado 4<\/strong><\/p>\n<p><strong>Los Palmeras<\/strong>, Dulce Iron\u00eda, La Kombo, La Tremenda y La Cumbiamba.<\/p>\n<p><strong>Domingo 5<\/strong><\/p>\n<p><strong>La Mosca<\/strong>, muestra de danza de academias de la ciudad, Rondamones, D\u00f3nde los arqueros no llegan y Groove Brothers.<\/p>\n<p>La\u00a0<strong>apertura del predio<\/strong>\u00a0ser\u00e1 a<strong>\u00a0partir de las 19 viernes\u00a0<\/strong>y\u00a0<strong>domingo<\/strong>. Mientras que el\u00a0<strong>s\u00e1bado las puertas se abrir\u00e1n a partir de las 22. \u00a0<\/strong><\/p>\n<p>Adem\u00e1s se podr\u00e1 disfrutar de stands institucionales, la feria de la econom\u00eda social, stands de emprendedores, artesanos, stands para empresas y comerciantes, patio gastron\u00f3mico con foodtrucks, y mucho m\u00e1s.<\/p>\n<hr class=\"wp-block-separator has-alpha-channel-opacity\" \/>\n<h2>La Corrida<\/h2>\n<hr class=\"wp-block-separator has-alpha-channel-opacity\" \/>\n<p>Una vez m\u00e1s Cipolletti se convertir\u00e1 en el epicentro del culto a la actividad f\u00edsica y todo lo que tenga que ver con el cuidado de la salud a trav\u00e9s de la ejercitaci\u00f3n y el cuidado del cuerpo.<\/p>\n<p>La Corrida Ciudad de Cipolletti tendr\u00e1 m\u00e1s de 12.000 participantes en la prueba familiar de 4 kil\u00f3metros y se desarrollar\u00e1 el s\u00e1bado 4 a partir de las 20.<\/p>\n<p>Adem\u00e1s, habr\u00e1 m\u00e1s de 1.100 atletas en la prueba competitiva de 10 kil\u00f3metros que se largar\u00e1 desde las 21.30 y en la que ya se confirm\u00f3 que estar\u00e1 presenta la ganadora de la rama femenina Luj\u00e1n Urrita y posiblemente el ganador Basco Mamani.<\/p>\n<hr class=\"wp-block-separator has-alpha-channel-opacity\" \/>\n<h2>Cortes de calles<\/h2>\n<hr class=\"wp-block-separator has-alpha-channel-opacity\" \/>\n<h3>Viernes 3 de Marzo<\/h3>\n<p>El tr\u00e1nsito se interrumpir\u00e1 a partir de las 18 en la calle\u00a0<strong>Mengelle y Pacheco.<\/strong>\u00a0Solo se inhabilitar\u00e1 el carril con direcci\u00f3n a Neuqu\u00e9n. El egreso ser\u00e1 por Lisandro de la Torre.<\/p>\n<p>Tambi\u00e9n se estar\u00e1 interrumpido el tr\u00e1nsito sobre calle\u00a0<strong>Rivadavia y Sor Juana de la Cruz.<\/strong><\/p>\n<h3>S\u00e1bado 4 de Marzo<\/h3>\n<p>Este d\u00eda se desarrollar\u00e1n las corridas familiar y competitiva. Por eso se interrumpir\u00e1 el tr\u00e1nsito en la calle Pacheco, \u00fanicamente en el carril con direcci\u00f3n a Neuqu\u00e9n.<\/p>\n<p>A las\u00a0<strong>20 comenzar\u00e1 el corte\u00a0de la calle Alem hasta La Esmeralda,<\/strong>\u00a0por el circuito de la corrida familiar. Y a las\u00a0<strong>21 se extender\u00e1 desde Alem hasta M. Estrada<\/strong>\u00a0por la corrida competitiva.<\/p>\n<h3>Domingo 5 de Marzo<\/h3>\n<p>A\u00a0<strong>partir de las 19 hasta las 02 habr\u00e1 un corte parcial en Pacheco del lado del carril a Neuqu\u00e9n.\u00a0<\/strong>El egreso ser\u00e1 por Lisandro de la Torre.<\/p>\n<p>&nbsp;<\/p>\n<h2>Transmisi\u00f3n en vivo<\/h2>\n<hr class=\"wp-block-separator has-alpha-channel-opacity\" \/>\n<p>A trav\u00e9s de una producci\u00f3n propia del Gobierno de la ciudad, la 37\u00b0 edici\u00f3n de la Corrida Ciudad de Cipolletti,<strong>\u00a0ser\u00e1 transmitida en vivo por Canal 10, Davitel, redes sociales y el canal de Youtube\u00a0<\/strong>de la Municipalidad.<\/p>\n<p>La transmisi\u00f3n se realizar\u00e1 a trav\u00e9s de un trabajo y una producci\u00f3n propia de la Direcci\u00f3n de Comunicaci\u00f3n Institucional, el s\u00e1bado 4 de marzo desde las 19 mostrando la previa y la llegada de las familias al circuito, y hasta las 23 con la llegada de los corredores profesionales y la premiaci\u00f3n.<\/p>\n<p>El director de Comunicaci\u00f3n Institucional Daniel Salazar inform\u00f3 que para realizar la transmisi\u00f3n a trav\u00e9s de un set de televisi\u00f3n lo cual implica un gran despliegue t\u00e9cnico y de producci\u00f3n, se utilizar\u00e1n 13 c\u00e1maras en total, 5 estar\u00e1n en la zona de largada y cubriendo la previa, 8 c\u00e1maras estar\u00e1n ubicadas en el circuito de la Corrida, 2 a\u00e9reas y 2 en moto, para transmitir en vivo el avance de los atletas.<\/p>\n<p>\u201c<strong>El objetivo es que la tradicional Corrida tenga m\u00e1s llegada, incluso a otros pa\u00edses,\u00a0<\/strong>posicionando a Cipolletti como capital nacional de la actividad f\u00edsica y como cuna del atletismo de calle\u201d, destac\u00f3 Salazar.<br \/>\nEn el set de televisi\u00f3n adem\u00e1s estar\u00e1n presentes personalidades y referentes de la Corrida para poder entrevistar.<\/p>\n<p>Salazar agreg\u00f3 que \u201cel equipo audiovisual de la Direcci\u00f3n de Comunicaci\u00f3n ya est\u00e1 trabajando en la realizaci\u00f3n de entrevistas exclusivas que formar\u00e1n parte de dicha transmisi\u00f3n la cual este a\u00f1o tendr\u00e1 un condimento especial por la homologaci\u00f3n del circuito a nivel nacional e internacional\u201d.<\/p>\n<p>A su vez se acompa\u00f1ar\u00e1 a los distintos medios de comunicaci\u00f3n para que puedan transmitir por radio, televisi\u00f3n y redes sociales el evento deportivo que reunir\u00e1 a m\u00e1s de 15.000 personas.<\/p>\n<h2>Circuito homologado<\/h2>\n<hr class=\"wp-block-separator has-alpha-channel-opacity\" \/>\n<p>El circuito de la 37\u00b0 Corrida de Cipolletti cuenta con una novedad para esta edici\u00f3n ya que fue homologado por veedores internacionales. En los d\u00edas previos a la competencia hubo recorrida y marcaci\u00f3n de cada tramo de los 10 kil\u00f3metros sobre calle Pacheco, Mengelle y Alem.<\/p>\n<p>La oficial t\u00e9cnica internacional de World Athletics Mar\u00eda Ignacia Vergara y el medidor internacional de carreras de calle categor\u00eda B Carlos Mocskos estuvieron en Cipolletti para verificar el tradicional recorrido de esta competencia.<\/p>\n<p><strong>La prueba competitiva tiene 2 vueltas, una de 4 km y otra de 6 km<\/strong>. En el primer tramo se retoma sobre calle La Esmeralda y en el segundo sobre calle Uruguay. La largada y llegada est\u00e1 ubicada en calle Pacheco (carril norte) y Doctor A. Palacios.<\/p>\n<h3 class=\"has-text-align-left\">Cronograma de artistas por d\u00eda<\/h3>\n<hr class=\"wp-block-separator has-alpha-channel-opacity\" \/>\n<hr class=\"wp-block-separator has-alpha-channel-opacity is-style-wide\" \/>\n<p><strong>Viernes 3<\/strong><\/p>\n<p><strong>Los Nocheros,<\/strong>\u00a0Constante de Plank, \u00c1ngel Estanga, Maca Montovi y Los Espinoza.<\/p>\n<p><strong>S\u00e1bado 4<\/strong><\/p>\n<p><strong>Los Palmeras<\/strong>, Dulce Iron\u00eda, La Kombo, La Tremenda y La Cumbiamba.<\/p>\n<p><strong>Domingo 5<\/strong><\/p>\n<p><strong>La Mosca<\/strong>, muestra de danza de academias de la ciudad, Rondamones, D\u00f3nde los arqueros no llegan y Groove Brothers.<\/p>\n<p>La\u00a0<strong>apertura del predio<\/strong>\u00a0ser\u00e1 a<strong>\u00a0partir de las 19 viernes\u00a0<\/strong>y\u00a0<strong>domingo<\/strong>. Mientras que el\u00a0<strong>s\u00e1bado las puertas se abrir\u00e1n a partir de las 22. \u00a0<\/strong><\/p>\n<p>Adem\u00e1s se podr\u00e1 disfrutar de stands institucionales, la feria de la econom\u00eda social, stands de emprendedores, artesanos, stands para empresas y comerciantes, patio gastron\u00f3mico con foodtrucks, y mucho m\u00e1s.<\/p>\n<hr class=\"wp-block-separator has-alpha-channel-opacity\" \/>\n<h3>C\u00f3mo ser\u00e1 el clima para el fin de semana<\/h3>\n<hr class=\"wp-block-separator has-alpha-channel-opacity is-style-wide\" \/>\n<p>Durante los d\u00edas 3, 4 y 5 de marzo el clima acompa\u00f1ar\u00e1 los festejos que se desarrollar\u00e1n en la ciudad. El viento estar\u00e1 presente algunos d\u00edas.<\/p>\n<p>El<strong>\u00a0viernes la temperatura m\u00ednima ser\u00e1 de 16\u00b0 y la m\u00e1xima se espera que llegue a los 31\u00b0.<\/strong>\u00a0Por la noche el cielo estar\u00e1 parcialmente nublado con rafagas de 41 km\/h.<\/p>\n<p>El\u00a0<strong>s\u00e1bado la temperatura bajar\u00e1 unos grados, la m\u00ednima ser\u00e1 de 15\u00b0 mientras que la m\u00e1xima llegar\u00e1 a los 27\u00b0.<\/strong>\u00a0Por la noche el cielo estar\u00e1 despejado con rafas de 65 km\/h<\/p>\n<p>El domingo, \u00faltimo d\u00eda de la fiesta, ser\u00e1 la jornada m\u00e1s calurosa.\u00a0<strong>La temperatura m\u00ednima ser\u00e1 de 17\u00b0 y la m\u00e1xima de 34\u00b0<\/strong>. El cielo continuar\u00e1 despejado por la noche.<\/p>\n<div class=\"wp-block-lazyblock-leer-mas lazyblock-leer-mas-28G2c0\"><\/div>\n<hr class=\"wp-block-separator has-alpha-channel-opacity is-style-wide\" \/>\n<p><strong>Entrega de remeras. Prueba familiar 4 km.<\/strong><\/p>\n<p>Se realizar\u00e1 el s\u00e1bado 4 de marzo de 8 a 15. en el Estadio Municipal (Naciones Unidas 1700) y el Complejo Deportivo Municipal (Ex Corpofrut). Los inscriptos deber\u00e1n presentar indefectiblemente el c\u00f3digo QR que llega por email al momento de la inscripci\u00f3n.<\/p>\n<p><strong>Entrega de chip y remera. Prueba competitiva 10 km.<\/strong><\/p>\n<p>Se retirar\u00e1n en el Complejo Cultural Cipolletti (Fern\u00e1ndez Oro 57) el viernes 03 de marzo de 18.30 a 22 hs. y el s\u00e1bado 4 de marzo entre las 9 y las 16. Los deportistas deber\u00e1n presentarse personalmente con DNI y llevar una copia del email de confirmaci\u00f3n o presentar en el celular.<\/p>\n<div class=\"wp-block-lazyblock-leer-mas lazyblock-leer-mas-Z1tiinf\"><\/div>\n","protected":false},"excerpt":{"rendered":"<p>El s\u00e1bado 25 comenzaron las actividades en Cipolletti en el marco de la Fiesta de la Actividad Fisica con una serie de capacitaciones y cl\u00ednicas que se extender\u00e1n hasta el fin de semana con espect\u00e1culos nacionales y diversi\u00f3n en la ciudad. El plato fuerte como cada a\u00f1o ser\u00e1 la Corrida .\u00a0R\u00cdO NEGRO te cuenta todo [&hellip;]<\/p>\n","protected":false},"author":3,"featured_media":0,"comment_status":"open","ping_status":"open","sticky":false,"template":"","format":"standard","meta":{"_acf_changed":false,"footnotes":""},"categories":[1],"tags":[],"class_list":{"0":"post-2922","1":"post","2":"type-post","3":"status-publish","4":"format-standard","6":"category-sin-categoria"},"acf":[],"aioseo_notices":[],"_links":{"self":[{"href":"https:\/\/infosports.com.ar\/web\/wp-json\/wp\/v2\/posts\/2922","targetHints":{"allow":["GET"]}}],"collection":[{"href":"https:\/\/infosports.com.ar\/web\/wp-json\/wp\/v2\/posts"}],"about":[{"href":"https:\/\/infosports.com.ar\/web\/wp-json\/wp\/v2\/types\/post"}],"author":[{"embeddable":true,"href":"https:\/\/infosports.com.ar\/web\/wp-json\/wp\/v2\/users\/3"}],"replies":[{"embeddable":true,"href":"https:\/\/infosports.com.ar\/web\/wp-json\/wp\/v2\/comments?post=2922"}],"version-history":[{"count":1,"href":"https:\/\/infosports.com.ar\/web\/wp-json\/wp\/v2\/posts\/2922\/revisions"}],"predecessor-version":[{"id":2924,"href":"https:\/\/infosports.com.ar\/web\/wp-json\/wp\/v2\/posts\/2922\/revisions\/2924"}],"wp:attachment":[{"href":"https:\/\/infosports.com.ar\/web\/wp-json\/wp\/v2\/media?parent=2922"}],"wp:term":[{"taxonomy":"category","embeddable":true,"href":"https:\/\/infosports.com.ar\/web\/wp-json\/wp\/v2\/categories?post=2922"},{"taxonomy":"post_tag","embeddable":true,"href":"https:\/\/infosports.com.ar\/web\/wp-json\/wp\/v2\/tags?post=2922"}],"curies":[{"name":"wp","href":"https:\/\/api.w.org\/{rel}","templated":true}]}}