{"id":2936,"date":"2023-11-29T19:40:55","date_gmt":"2023-11-29T19:40:55","guid":{"rendered":"https:\/\/infosports.com.ar\/web\/?p=2936"},"modified":"2023-11-29T19:40:55","modified_gmt":"2023-11-29T19:40:55","slug":"rally-regional-debasa-inicio-con-el-pie-izquierdo-la-temporada","status":"publish","type":"post","link":"https:\/\/infosports.com.ar\/web\/rally-regional-debasa-inicio-con-el-pie-izquierdo-la-temporada\/","title":{"rendered":"Rally Regional-Debasa inici\u00f3 con el pie izquierdo la temporada"},"content":{"rendered":"<p><strong>Hubo sorpresas en el cierre, abandon\u00f3 Ra\u00fal A. Mart\u00ednez, quien dominaba con comodidad, y Guillermo Aubone aprovech\u00f3 para quedarse con la victoria esta tarde en<\/strong>\u00a0una nueva edici\u00f3n del Rally Fiesta Provincial de la Vendimia, que se disput\u00f3 en Regina por la primera fecha del Regional.<!--more--><\/p>\n<p><strong>Mart\u00ednez estuvo adelante desde el mismo comienzo de la prueba y encar\u00f3 el \u00faltimo tramo con una muy buena ventaja,\u00a0<\/strong>pero su auto tuvo un problema que lo oblig\u00f3 a abandonar con unos pocos kil\u00f3metros por delante para lograr la victoria.<\/p>\n<div id=\"inline_1\"><\/div>\n<p><strong>Aubone, quien pele\u00f3 mano a mano con Santiago Ib\u00e1\u00f1ez en el Grupo N-2, aprovech\u00f3 el abandono de Mart\u00ednez y se qued\u00f3 con la victoria en la general, como<\/strong> en su divisi\u00f3n, aunque el suspenso se mantuvo hasta el mismo cierre de la prueba.<\/p>\n<p>En el Grupo N-2 se impuso Aubone, quien aventaj\u00f3 a Ib\u00e1\u00f1ez, Sergio Nene Fern\u00e1ndez, Hern\u00e1n Fiore y Mauro Debasa. En la A-6 la victoria qued\u00f3 para Jos\u00e9 L. G\u00f3mez, luego de superar algunos problemas y aprovechar la baja de Mart\u00ednez. Segundo Jorge Grassano y tercero Facundo Sabas. En la A-7 se impuso el bicampe\u00f3n Marcos Craievich, luego de relegar a Leandro Paulovich, Nicol\u00e1s Fern\u00e1ndez, H\u00e9ctor Lillo y V\u00edctor Landaburo.<\/p>\n<div id=\"inline_2\"><\/div>\n<figure class=\"wp-block-image size-large\"><img loading=\"lazy\" decoding=\"async\" class=\"wp-image-2193035\" src=\"https:\/\/www.rionegro.com.ar\/webwp-content\/uploads\/2022\/03\/Marcos-Craievich-estrenara-su-titulo-en-la-Clase-A-7.jpg?w=1125\" sizes=\"auto, (max-width: 1125px) 100vw, 1125px\" srcset=\"https:\/\/www.rionegro.com.ar\/webwp-content\/uploads\/2022\/03\/Marcos-Craievich-estrenara-su-titulo-en-la-Clase-A-7.jpg 1125w, https:\/\/www.rionegro.com.ar\/webwp-content\/uploads\/2022\/03\/Marcos-Craievich-estrenara-su-titulo-en-la-Clase-A-7.jpg?resize=920,510 920w, https:\/\/www.rionegro.com.ar\/webwp-content\/uploads\/2022\/03\/Marcos-Craievich-estrenara-su-titulo-en-la-Clase-A-7.jpg?resize=768,426 768w\" alt=\"\" width=\"1125\" height=\"624\" \/><figcaption class=\"wp-element-caption\">El bicampe\u00f3n Marcos Craievich consigui\u00f3 una categ\u00f3rica victoria en la Clase A-7 en la primera fecha del Rally Regional en Regina. Gentileza<\/figcaption><\/figure>\n<p>En el Grupo N-1 domin\u00f3 Federico Fern\u00e1ndez, quien fue escoltado por Dar\u00edo V\u00e1zquez, Domingo Cirillo, Gustavo Dur\u00e1n y Dar\u00edo Jaime. En la A-1 la victoria qued\u00f3 para el campe\u00f3n Lucas Sede, en impecable trabajo. Luego, Fabricio D\u00b4Amico, Juan C. Grasso, Alfredo Zanzana y Rub\u00e9n Mart\u00ednez. (RN)<\/p>\n","protected":false},"excerpt":{"rendered":"<p>Hubo sorpresas en el cierre, abandon\u00f3 Ra\u00fal A. Mart\u00ednez, quien dominaba con comodidad, y Guillermo Aubone aprovech\u00f3 para quedarse con la victoria esta tarde en\u00a0una nueva edici\u00f3n del Rally Fiesta Provincial de la Vendimia, que se disput\u00f3 en Regina por la primera fecha del Regional.<\/p>\n","protected":false},"author":3,"featured_media":0,"comment_status":"open","ping_status":"open","sticky":false,"template":"","format":"standard","meta":{"_acf_changed":false,"footnotes":""},"categories":[1],"tags":[],"class_list":{"0":"post-2936","1":"post","2":"type-post","3":"status-publish","4":"format-standard","6":"category-sin-categoria"},"acf":[],"aioseo_notices":[],"_links":{"self":[{"href":"https:\/\/infosports.com.ar\/web\/wp-json\/wp\/v2\/posts\/2936","targetHints":{"allow":["GET"]}}],"collection":[{"href":"https:\/\/infosports.com.ar\/web\/wp-json\/wp\/v2\/posts"}],"about":[{"href":"https:\/\/infosports.com.ar\/web\/wp-json\/wp\/v2\/types\/post"}],"author":[{"embeddable":true,"href":"https:\/\/infosports.com.ar\/web\/wp-json\/wp\/v2\/users\/3"}],"replies":[{"embeddable":true,"href":"https:\/\/infosports.com.ar\/web\/wp-json\/wp\/v2\/comments?post=2936"}],"version-history":[{"count":1,"href":"https:\/\/infosports.com.ar\/web\/wp-json\/wp\/v2\/posts\/2936\/revisions"}],"predecessor-version":[{"id":2938,"href":"https:\/\/infosports.com.ar\/web\/wp-json\/wp\/v2\/posts\/2936\/revisions\/2938"}],"wp:attachment":[{"href":"https:\/\/infosports.com.ar\/web\/wp-json\/wp\/v2\/media?parent=2936"}],"wp:term":[{"taxonomy":"category","embeddable":true,"href":"https:\/\/infosports.com.ar\/web\/wp-json\/wp\/v2\/categories?post=2936"},{"taxonomy":"post_tag","embeddable":true,"href":"https:\/\/infosports.com.ar\/web\/wp-json\/wp\/v2\/tags?post=2936"}],"curies":[{"name":"wp","href":"https:\/\/api.w.org\/{rel}","templated":true}]}}