{"id":2942,"date":"2023-11-29T19:40:55","date_gmt":"2023-11-29T19:40:55","guid":{"rendered":"https:\/\/infosports.com.ar\/web\/?p=2942"},"modified":"2023-11-29T19:40:55","modified_gmt":"2023-11-29T19:40:55","slug":"encuentro-binacional-de-futbol-en-25-de-mayo","status":"publish","type":"post","link":"https:\/\/infosports.com.ar\/web\/encuentro-binacional-de-futbol-en-25-de-mayo\/","title":{"rendered":"Encuentro Binacional de Futbol en 25 de Mayo"},"content":{"rendered":"<div class=\"x11i5rnm xat24cr x1mh8g0r x1vvkbs xdj266r x126k92a\">\n<div dir=\"auto\">25 de Mayo-Una hermosa jornada de f\u00fatbol se vivi\u00f3 en el Polideportivo Municipal, se disput\u00f3 un nuevo Encuentro Binacional Argentino-Chileno, organizado por la Asociaci\u00f3n de Veteranos de F\u00fatbol de 25 de Mayo, con la colaboraci\u00f3n del municipio local.<\/div>\n<div dir=\"auto\">Adem\u00e1s del equipo organizador, participaron de esta competencia: Club Punto Unido, Municipalidad de 25 de Mayo y Defensor Las Flores, de Santiago de Chile.<\/div>\n<\/div>\n<p><!--more--><\/p>\n<div class=\"x11i5rnm xat24cr x1mh8g0r x1vvkbs xtlvy1s x126k92a\">\n<div dir=\"auto\">Con el acto protocolar dio inicio la jornada, se entonaron los himnos de ambos pa\u00edes, tomaron la palabra, Carlos Seaman, Presidente de Defensor, Ricardo Rubinich, Presidente de la Asociaci\u00f3n Veteranos y el Intendente Municipal, Abel Abelda\u00f1o, todos coincidieron en resaltar el valor y la importancia de este encuentro, que mas all\u00e1 de lo deportivo, se propicia la amistad, la confraternidad y un v\u00ednculo estrecho rec\u00edproco.<\/div>\n<\/div>\n<div class=\"x11i5rnm xat24cr x1mh8g0r x1vvkbs xtlvy1s x126k92a\">\n<div dir=\"auto\">Posteriormente comenz\u00f3 a rodar la pelota, en el primer encuentro, el team municipal venci\u00f3 por 3 a 1 al equipo organizador, a continuaci\u00f3n, Defensor Las Flores le gan\u00f3 a Punto Unido por 6 a 2.<\/div>\n<div dir=\"auto\"><a href=\"https:\/\/infosports.com.ar\/web\/wp-content\/uploads\/2023\/03\/330813629_1298899057361478_373914316614471978_n.jpg\"><img loading=\"lazy\" decoding=\"async\" class=\"alignnone size-medium wp-image-2944\" src=\"https:\/\/infosports.com.ar\/web\/wp-content\/uploads\/2023\/03\/330813629_1298899057361478_373914316614471978_n-300x225.jpg\" alt=\"\" width=\"300\" height=\"225\" \/><\/a><\/div>\n<div dir=\"auto\">Luego todos los integrantes compartieron un almuerzo en forma conjunta.<\/div>\n<div dir=\"auto\">Por la tarde, se disput\u00f3 un partido entre Workmen, representante de la Liga Independiente loca y la escuadra chilena, siendo estos \u00faltimos los ganadores por 4 a 1, en categor\u00eda libre.<\/div>\n<\/div>\n<div class=\"x11i5rnm xat24cr x1mh8g0r x1vvkbs xtlvy1s x126k92a\">\n<div dir=\"auto\">Quedaba por jugarse la final, y fue el equipo de Defensor que se qued\u00f3 con la copa del primer lugar, venciendo a Municipalidad de 25 de Mayo por 4 a 1.<\/div>\n<\/div>\n<div class=\"x11i5rnm xat24cr x1mh8g0r x1vvkbs xtlvy1s x126k92a\">\n<div dir=\"auto\">Por \u00faltimo lleg\u00f3 la premiaci\u00f3n y menciones correspondientes, dentro de un clima de algarab\u00eda y amistad.<\/div>\n<div dir=\"auto\">Eso no fue todo, a modo de despida, los anfitriones agasajaron al contingente chileno, con una cena y mas reconocimientos, lugar en donde concordaron, que los pampeanos viajar\u00e1n a Chile en noviembre pr\u00f3ximo.<\/div>\n<div dir=\"auto\"><a href=\"https:\/\/infosports.com.ar\/web\/wp-content\/uploads\/2023\/03\/330811604_175223155263930_2290311238238968103_n.jpg\"><img loading=\"lazy\" decoding=\"async\" class=\"alignnone size-medium wp-image-2945\" src=\"https:\/\/infosports.com.ar\/web\/wp-content\/uploads\/2023\/03\/330811604_175223155263930_2290311238238968103_n-300x225.jpg\" alt=\"\" width=\"300\" height=\"225\" \/><\/a><\/div>\n<\/div>\n<div class=\"x11i5rnm xat24cr x1mh8g0r x1vvkbs xtlvy1s x126k92a\">\n<div dir=\"auto\">Agradecemos a la organizaci\u00f3n, al equipo que nos visit\u00f3, al resto de los participantes, al personal de la Direcci\u00f3n de Deportes, de Cultura, Turismo, Relaciones Institucionales y Prensa y Difusi\u00f3n, a funcionarios municipales y \u00e1reas que colaboraron.<\/div>\n<\/div>\n","protected":false},"excerpt":{"rendered":"<p>25 de Mayo-Una hermosa jornada de f\u00fatbol se vivi\u00f3 en el Polideportivo Municipal, se disput\u00f3 un nuevo Encuentro Binacional Argentino-Chileno, organizado por la Asociaci\u00f3n de Veteranos de F\u00fatbol de 25 de Mayo, con la colaboraci\u00f3n del municipio local. Adem\u00e1s del equipo organizador, participaron de esta competencia: Club Punto Unido, Municipalidad de 25 de Mayo y [&hellip;]<\/p>\n","protected":false},"author":3,"featured_media":0,"comment_status":"open","ping_status":"open","sticky":false,"template":"","format":"standard","meta":{"_acf_changed":false,"footnotes":""},"categories":[1],"tags":[],"class_list":{"0":"post-2942","1":"post","2":"type-post","3":"status-publish","4":"format-standard","6":"category-sin-categoria"},"acf":[],"aioseo_notices":[],"_links":{"self":[{"href":"https:\/\/infosports.com.ar\/web\/wp-json\/wp\/v2\/posts\/2942","targetHints":{"allow":["GET"]}}],"collection":[{"href":"https:\/\/infosports.com.ar\/web\/wp-json\/wp\/v2\/posts"}],"about":[{"href":"https:\/\/infosports.com.ar\/web\/wp-json\/wp\/v2\/types\/post"}],"author":[{"embeddable":true,"href":"https:\/\/infosports.com.ar\/web\/wp-json\/wp\/v2\/users\/3"}],"replies":[{"embeddable":true,"href":"https:\/\/infosports.com.ar\/web\/wp-json\/wp\/v2\/comments?post=2942"}],"version-history":[{"count":1,"href":"https:\/\/infosports.com.ar\/web\/wp-json\/wp\/v2\/posts\/2942\/revisions"}],"predecessor-version":[{"id":2946,"href":"https:\/\/infosports.com.ar\/web\/wp-json\/wp\/v2\/posts\/2942\/revisions\/2946"}],"wp:attachment":[{"href":"https:\/\/infosports.com.ar\/web\/wp-json\/wp\/v2\/media?parent=2942"}],"wp:term":[{"taxonomy":"category","embeddable":true,"href":"https:\/\/infosports.com.ar\/web\/wp-json\/wp\/v2\/categories?post=2942"},{"taxonomy":"post_tag","embeddable":true,"href":"https:\/\/infosports.com.ar\/web\/wp-json\/wp\/v2\/tags?post=2942"}],"curies":[{"name":"wp","href":"https:\/\/api.w.org\/{rel}","templated":true}]}}