{"id":2983,"date":"2023-11-29T19:41:19","date_gmt":"2023-11-29T19:41:19","guid":{"rendered":"https:\/\/infosports.com.ar\/web\/?p=2983"},"modified":"2023-11-29T19:41:19","modified_gmt":"2023-11-29T19:41:19","slug":"catriel-tendra-su-campeonato-de-trail-running-2023","status":"publish","type":"post","link":"https:\/\/infosports.com.ar\/web\/catriel-tendra-su-campeonato-de-trail-running-2023\/","title":{"rendered":"Catriel tendr\u00e1 su Campeonato de Trail Running 2023"},"content":{"rendered":"<p>Finalmente la espera termin\u00f3 y habr\u00e1 campeonato de Trail Running en Catriel. Tras meses de pedir carreras locales como en \u00e9pocas pasadas, no solo habr\u00e1 una fecha sino 4 dentro del marco de lo que ser\u00e1 el Campeonato Trail \u201cLos Caciques\u201d.<!--more--><\/p>\n<p>El evento lo confirm\u00f3 el propio municipio de Catriel a trav\u00e9s de la Direcci\u00f3n de Deportes, la cual en los \u00faltimos d\u00edas present\u00f3 cambio de figuras en lo que es el mando y organizaci\u00f3n, que comenz\u00f3 a verse reflejado en importantes actividades de forma reciente.<\/p>\n<p>Ahora la novedad es este evento del cual se supone ser\u00e1 masivo, dada la cantidad de runners que presenta Catriel y toda la zona.<\/p>\n<p>La primer fecha ser\u00e1 el 23 de abril<\/p>\n<p>CATRIEL-RIO NEGRO<br \/>\n1er FECHA 23 DE ABRIL<br \/>\nInscripciones y toda la info<br \/>\n<a href=\"https:\/\/forms.gle\/a7hd5TmXQPAx64jC8?fbclid=IwAR1GAOPMMQm1ysqAGRUyh1K4Cv7kSLHaobTc-rW1TpxSfcAD0SpZYkl302E\">https:\/\/forms.gle\/a7hd5TmXQPAx64jC8<\/a><\/p>\n<p>Contactos Organizaci\u00f3n:<br \/>\nAlmeyra Jorge nicolas 2994111275<\/p>\n","protected":false},"excerpt":{"rendered":"<p>Finalmente la espera termin\u00f3 y habr\u00e1 campeonato de Trail Running en Catriel. Tras meses de pedir carreras locales como en \u00e9pocas pasadas, no solo habr\u00e1 una fecha sino 4 dentro del marco de lo que ser\u00e1 el Campeonato Trail \u201cLos Caciques\u201d.<\/p>\n","protected":false},"author":3,"featured_media":0,"comment_status":"open","ping_status":"open","sticky":false,"template":"","format":"standard","meta":{"_acf_changed":false,"footnotes":""},"categories":[1],"tags":[],"class_list":{"0":"post-2983","1":"post","2":"type-post","3":"status-publish","4":"format-standard","6":"category-sin-categoria"},"acf":[],"aioseo_notices":[],"_links":{"self":[{"href":"https:\/\/infosports.com.ar\/web\/wp-json\/wp\/v2\/posts\/2983","targetHints":{"allow":["GET"]}}],"collection":[{"href":"https:\/\/infosports.com.ar\/web\/wp-json\/wp\/v2\/posts"}],"about":[{"href":"https:\/\/infosports.com.ar\/web\/wp-json\/wp\/v2\/types\/post"}],"author":[{"embeddable":true,"href":"https:\/\/infosports.com.ar\/web\/wp-json\/wp\/v2\/users\/3"}],"replies":[{"embeddable":true,"href":"https:\/\/infosports.com.ar\/web\/wp-json\/wp\/v2\/comments?post=2983"}],"version-history":[{"count":1,"href":"https:\/\/infosports.com.ar\/web\/wp-json\/wp\/v2\/posts\/2983\/revisions"}],"predecessor-version":[{"id":2985,"href":"https:\/\/infosports.com.ar\/web\/wp-json\/wp\/v2\/posts\/2983\/revisions\/2985"}],"wp:attachment":[{"href":"https:\/\/infosports.com.ar\/web\/wp-json\/wp\/v2\/media?parent=2983"}],"wp:term":[{"taxonomy":"category","embeddable":true,"href":"https:\/\/infosports.com.ar\/web\/wp-json\/wp\/v2\/categories?post=2983"},{"taxonomy":"post_tag","embeddable":true,"href":"https:\/\/infosports.com.ar\/web\/wp-json\/wp\/v2\/tags?post=2983"}],"curies":[{"name":"wp","href":"https:\/\/api.w.org\/{rel}","templated":true}]}}