{"id":2992,"date":"2023-11-29T19:41:20","date_gmt":"2023-11-29T19:41:20","guid":{"rendered":"https:\/\/infosports.com.ar\/web\/?p=2992"},"modified":"2023-11-29T19:41:20","modified_gmt":"2023-11-29T19:41:20","slug":"25-de-mayo-denuncian-al-depo-por-no-firmar-el-pase-de-un-menor","status":"publish","type":"post","link":"https:\/\/infosports.com.ar\/web\/25-de-mayo-denuncian-al-depo-por-no-firmar-el-pase-de-un-menor\/","title":{"rendered":"25 de Mayo: Denuncian al Depo por no firmar el pase de un menor"},"content":{"rendered":"<p>En los \u00faltimos d\u00edas se produjo una situaci\u00f3n que roza al Club Deportivo 25 de Mayo y que excede a lo futbol\u00edstico. Claudia Vilches y Sebasti\u00e1n Molleker, padres de un futbolista de 15 a\u00f1os, denunciaron que el presidente de la entidad, Oscar Lezcano, \u201cnos dijo que \u00e9l no iba a firmar nada\u2026 as\u00ed de cortita\u201d en respuesta a la solicitud de la libertad de acci\u00f3n del menor. El chico tiene la oportunidad de incorporarse a un club de Buenos Aires que milita en AFA, pero el club no le da el pase.<!--more--><span id=\"more-172570\"><\/span><\/p>\n<p>&nbsp;<\/p>\n<p>Ayer, la familia del joven arquero, emiti\u00f3 una carta abierta a la comunidad de 25 de Mayo en la cual contaron que el menor hizo pruebas en Ferrocarril Oeste en octubre y qued\u00f3, \u201cpero en la categor\u00eda m\u00e1s baja\u201d. La carta contin\u00faa expresando que este a\u00f1o lo citaron de Deportivo Riestra para \u201ccategor\u00eda AFA\u201d, la mayor de inferiores, pero a la hora de conseguir el pase se encontraron con la negativa del club.<\/p>\n<p>\u201cEscribimos esta carta con mucha bronca y sobre todo con much\u00edsima tristeza y dolor, ya que vemos que, gracias a un grupo peque\u00f1o de personas, nuestro hijo est\u00e1 por perder la oportunidad de cumplir su sue\u00f1o\u201d, contaron.<\/p>\n<div id=\"inline-related-post\" class=\"mag-box mini-posts-box content-only\">\n<div class=\"container-wrapper\">\n<div class=\"mag-box-container clearfix\">\n<div class=\"post-widget-thumbnail\"><\/div>\n<div class=\"post-widget-body \">\n<div class=\"post-meta\"><\/div>\n<\/div>\n<\/div>\n<\/div>\n<\/div>\n<p>Los sue\u00f1os.<\/p>\n<p>Los familiares recordaron los sacrificios que hicieron para que su evoluci\u00f3n. \u201cA pesar de todo, \u00e9l sigui\u00f3 persiguiendo su sue\u00f1o y nunca baj\u00f3 los brazos. En octubre del a\u00f1o pasado se present\u00f3 una oportunidad e hizo su primera prueba en el arco de Ferro y qued\u00f3\u201d, explicaron.<\/p>\n<p>\u201cCon una mezcla muy grande de tristeza y alegr\u00eda que nunca hab\u00edamos vivimos volvimos a nuestro 25 querido pero ya sin \u00e9l, llorando kil\u00f3metros y kil\u00f3metros pero con la linda sensaci\u00f3n de que \u00e9l estaba feliz y recordando su carita de felicidad era nuestro \u00fanico consuelo\u201d, revelaron la mam\u00e1 y el pap\u00e1.<\/p>\n<p>\u201cAs\u00ed terminamos el a\u00f1o 2022 y nos recibi\u00f3 un 2023 con m\u00e1s sorpresas, en febrero nos avisan que lo llamaron de otro club para ser fichado pero esta vez por -categor\u00eda- AFA pero precisaban la libertad de acci\u00f3n del club donde jugaba nuestro hijo, el Depo de 25 de Mayo\u201d, sostuvieron en el escrito.<\/p>\n<p>Decepci\u00f3n y reclamo.<\/p>\n<p>\u201cFuimos a hablar con Oscar Lezcano, el presidente, quien argument\u00f3 que la libertad de acci\u00f3n no la entregaba, que ellos ten\u00edan que solicitar el pase. Y despu\u00e9s de muchas idas y vueltas llegamos a la conclusi\u00f3n que quieren lucrar con nuestro hijo y eso no lo vamos a permitir de ninguna manera\u201d, denunciaron.<\/p>\n<p>\u201cNos asesoramos con gente de la Liga Confluencia -de\u00a0<a href=\"https:\/\/catriel25noticias.com\/\" target=\"_blank\" rel=\"nofollow noopener\">R\u00edo Negro<\/a>\u00a0donde participa la entidad- y abogados, y ambos nos dijeron que la libertad de acci\u00f3n no la pueden negar que es un derecho que tenemos como padres de un menor de edad. Volvimos a hablar con Lezcano y nos dijo que \u00e9l no iba a firmar nada\u2026 as\u00ed de cortita\u201d, indicaron.<\/p>\n<p>&nbsp;<\/p>\n<p>Acciones legales.<\/p>\n<p>Ante la negativa de Lezcano, la familia recurri\u00f3 a la Justicia. Horas atr\u00e1s el club recepcion\u00f3 una carta documento en la que fueron intimados a resolver la situaci\u00f3n en 48 horas, caso contrario presentar\u00e1n \u201cuna acci\u00f3n de amparo, sin perjuicio de dar inicio a acciones civiles y penales que corresponden\u201d.<\/p>\n<p>Los argumentos legales son que la actitud de Lezcano \u201ces arbitraria y violatoria de los derechos y garant\u00edas contempladas en la Constituci\u00f3n Nacional, especialmente a la Constituci\u00f3n de los Derechos del Ni\u00f1o y a las normas contenidas en Tratados Internacionales como el art\u00edculo 20, inciso segundo, de la Declaraci\u00f3n Universal de Derechos Humanos\u201d.<\/p>\n<p>Ayer, Molleker le asegur\u00f3 que ir\u00e1n hasta las \u00faltimas consecuencias. \u201cNosotros vamos a defender a muerte los derechos y las ilusiones que nuestro hijo tiene desde que agarr\u00f3 la primera pelota\u201d, concluy\u00f3.<\/p>\n<p>&nbsp;<\/p>\n<p>&nbsp;<\/p>\n","protected":false},"excerpt":{"rendered":"<p>En los \u00faltimos d\u00edas se produjo una situaci\u00f3n que roza al Club Deportivo 25 de Mayo y que excede a lo futbol\u00edstico. Claudia Vilches y Sebasti\u00e1n Molleker, padres de un futbolista de 15 a\u00f1os, denunciaron que el presidente de la entidad, Oscar Lezcano, \u201cnos dijo que \u00e9l no iba a firmar nada\u2026 as\u00ed de cortita\u201d [&hellip;]<\/p>\n","protected":false},"author":3,"featured_media":0,"comment_status":"open","ping_status":"open","sticky":false,"template":"","format":"standard","meta":{"_acf_changed":false,"footnotes":""},"categories":[1],"tags":[],"class_list":{"0":"post-2992","1":"post","2":"type-post","3":"status-publish","4":"format-standard","6":"category-sin-categoria"},"acf":[],"aioseo_notices":[],"_links":{"self":[{"href":"https:\/\/infosports.com.ar\/web\/wp-json\/wp\/v2\/posts\/2992","targetHints":{"allow":["GET"]}}],"collection":[{"href":"https:\/\/infosports.com.ar\/web\/wp-json\/wp\/v2\/posts"}],"about":[{"href":"https:\/\/infosports.com.ar\/web\/wp-json\/wp\/v2\/types\/post"}],"author":[{"embeddable":true,"href":"https:\/\/infosports.com.ar\/web\/wp-json\/wp\/v2\/users\/3"}],"replies":[{"embeddable":true,"href":"https:\/\/infosports.com.ar\/web\/wp-json\/wp\/v2\/comments?post=2992"}],"version-history":[{"count":1,"href":"https:\/\/infosports.com.ar\/web\/wp-json\/wp\/v2\/posts\/2992\/revisions"}],"predecessor-version":[{"id":2994,"href":"https:\/\/infosports.com.ar\/web\/wp-json\/wp\/v2\/posts\/2992\/revisions\/2994"}],"wp:attachment":[{"href":"https:\/\/infosports.com.ar\/web\/wp-json\/wp\/v2\/media?parent=2992"}],"wp:term":[{"taxonomy":"category","embeddable":true,"href":"https:\/\/infosports.com.ar\/web\/wp-json\/wp\/v2\/categories?post=2992"},{"taxonomy":"post_tag","embeddable":true,"href":"https:\/\/infosports.com.ar\/web\/wp-json\/wp\/v2\/tags?post=2992"}],"curies":[{"name":"wp","href":"https:\/\/api.w.org\/{rel}","templated":true}]}}