{"id":2995,"date":"2023-11-29T19:41:20","date_gmt":"2023-11-29T19:41:20","guid":{"rendered":"https:\/\/infosports.com.ar\/web\/?p=2995"},"modified":"2023-11-29T19:41:20","modified_gmt":"2023-11-29T19:41:20","slug":"se-presento-de-forma-oficial-la-liga-infantil-municipal-de-futbol-2023","status":"publish","type":"post","link":"https:\/\/infosports.com.ar\/web\/se-presento-de-forma-oficial-la-liga-infantil-municipal-de-futbol-2023\/","title":{"rendered":"Se present\u00f3 de forma oficial la &#8220;Liga Infantil Municipal de F\u00fatbol 2023&#8221;"},"content":{"rendered":"<div class=\"x11i5rnm xat24cr x1mh8g0r x1vvkbs xtlvy1s x126k92a\">\n<div dir=\"auto\">En conferencia de prensa desarrollada la tarde de hoy, se llev\u00f3 adelante el lanzamiento de una nueva temporada de la Liga Infantil Municipal de F\u00fatbol, para la que se estima la participaci\u00f3n de m\u00e1s de 500ni\u00f1os y ni\u00f1as de todos los barrios de la ciudad.<\/div>\n<\/div>\n<p><!--more--><\/p>\n<div class=\"x11i5rnm xat24cr x1mh8g0r x1vvkbs xtlvy1s x126k92a\">\n<div dir=\"auto\">La Liga ser\u00e1 organizada en conjunto por la Uni\u00f3n Deportiva Catriel, el Club Independiente y la Municipalidad de Catriel. La presentaci\u00f3n cont\u00f3 con el Legislador Carlos Johnston, qui\u00e9n anunci\u00f3 que el Secretario de Deportes de R\u00edo Negro Diego Rossati confirm\u00f3 que el 4 de abril &#8220;Catriel ser\u00e1 sede de los Juegos EPADE y los<\/div>\n<\/div>\n<div class=\"x11i5rnm xat24cr x1mh8g0r x1vvkbs xtlvy1s x126k92a\">\n<div dir=\"auto\">Juegos de la Araucan\u00eda, en la categor\u00eda evaluativos f\u00fatbol infantil femenino y masculino. En una muestra m\u00e1s del trabajo mancomunado con el Gobierno Provincial&#8221;<\/div>\n<\/div>\n<div dir=\"auto\"><\/div>\n","protected":false},"excerpt":{"rendered":"<p>En conferencia de prensa desarrollada la tarde de hoy, se llev\u00f3 adelante el lanzamiento de una nueva temporada de la Liga Infantil Municipal de F\u00fatbol, para la que se estima la participaci\u00f3n de m\u00e1s de 500ni\u00f1os y ni\u00f1as de todos los barrios de la ciudad.<\/p>\n","protected":false},"author":3,"featured_media":0,"comment_status":"open","ping_status":"open","sticky":false,"template":"","format":"standard","meta":{"_acf_changed":false,"footnotes":""},"categories":[1],"tags":[],"class_list":{"0":"post-2995","1":"post","2":"type-post","3":"status-publish","4":"format-standard","6":"category-sin-categoria"},"acf":[],"aioseo_notices":[],"_links":{"self":[{"href":"https:\/\/infosports.com.ar\/web\/wp-json\/wp\/v2\/posts\/2995","targetHints":{"allow":["GET"]}}],"collection":[{"href":"https:\/\/infosports.com.ar\/web\/wp-json\/wp\/v2\/posts"}],"about":[{"href":"https:\/\/infosports.com.ar\/web\/wp-json\/wp\/v2\/types\/post"}],"author":[{"embeddable":true,"href":"https:\/\/infosports.com.ar\/web\/wp-json\/wp\/v2\/users\/3"}],"replies":[{"embeddable":true,"href":"https:\/\/infosports.com.ar\/web\/wp-json\/wp\/v2\/comments?post=2995"}],"version-history":[{"count":1,"href":"https:\/\/infosports.com.ar\/web\/wp-json\/wp\/v2\/posts\/2995\/revisions"}],"predecessor-version":[{"id":2997,"href":"https:\/\/infosports.com.ar\/web\/wp-json\/wp\/v2\/posts\/2995\/revisions\/2997"}],"wp:attachment":[{"href":"https:\/\/infosports.com.ar\/web\/wp-json\/wp\/v2\/media?parent=2995"}],"wp:term":[{"taxonomy":"category","embeddable":true,"href":"https:\/\/infosports.com.ar\/web\/wp-json\/wp\/v2\/categories?post=2995"},{"taxonomy":"post_tag","embeddable":true,"href":"https:\/\/infosports.com.ar\/web\/wp-json\/wp\/v2\/tags?post=2995"}],"curies":[{"name":"wp","href":"https:\/\/api.w.org\/{rel}","templated":true}]}}