{"id":2998,"date":"2023-11-29T19:41:20","date_gmt":"2023-11-29T19:41:20","guid":{"rendered":"https:\/\/infosports.com.ar\/web\/?p=2998"},"modified":"2023-11-29T19:41:20","modified_gmt":"2023-11-29T19:41:20","slug":"tiene-solo-14-anos-y-se-convirtio-en-el-ganador-mas-joven-en-el-mundo-del-turismo-carretera","status":"publish","type":"post","link":"https:\/\/infosports.com.ar\/web\/tiene-solo-14-anos-y-se-convirtio-en-el-ganador-mas-joven-en-el-mundo-del-turismo-carretera\/","title":{"rendered":"Tiene solo 14 a\u00f1os y se convirti\u00f3 en el ganador m\u00e1s joven en el mundo del Turismo Carretera"},"content":{"rendered":"<p>Los tiempos cambiaron en el automovilismo argentino. Los inconvenientes econ\u00f3micos que atraviesa el pa\u00eds desde hace varios a\u00f1os impiden que los j\u00f3venes puedan proyectar un campa\u00f1a en el exterior. Los chicos ahora pegan el salto del karting a los autos con techo para intentar correr en el Turismo Carretera u otra categor\u00eda. Es el caso de\u00a0<b>Marco Dianda<\/b>, que a bordo de su Dodge, con apenas 14 a\u00f1os, logr\u00f3 en La Plata su primera victoria en el\u00a0<b>TC Pista Mouras<\/b>, la tercera categor\u00eda promocional de la Asociaci\u00f3n Corredores Turismo Carretera (ACTC).<!--more--><\/p>\n<p class=\"paragraph\" data-mrf-recirculation=\"Links inline\">Desde hace varios a\u00f1os la entidad rectora impuso una escalera para poder llegar al TC. Como pasa en la NASCAR en los Estados Unidos. Los pilotos deben cumplir con un per\u00edodo de adaptaci\u00f3n a los autos, a la potencia y c\u00f3mo correr con colegas cada vez m\u00e1s experimentados.<\/p>\n<div class=\"inline ad-wrapper\">\n<div class=\"infobae\/deportes\/automovilismo\/nota\/inline arcad\" data-google-query-id=\"CJPhgK7J6v0CFeq0lQIdCVEDTQ\">\n<p class=\"paragraph\" data-mrf-recirculation=\"Links inline\">En sus divisionales con techo, arranca con el TC Pista y el cordob\u00e9s nacido en Guatimoz\u00edn hizo historia este fin de semana en la cuarta fecha. Primero logr\u00f3 el mejor registro en la clasificaci\u00f3n, aunque lo sancionaron con 6 d\u00e9cimas por cambio de motor. Larg\u00f3 adelante en la segunda serie termin\u00f3 ganando con autoridad.<\/p>\n<p class=\"paragraph\" data-mrf-recirculation=\"Links inline\">En la final parti\u00f3 segundo, y la fortuna estuvo de su lado ya que a falta de cuatro vueltas al l\u00edder, Sebasti\u00e1n Gallo (Ford), se le rompi\u00f3 la goma trasera izquierda y se retras\u00f3. Con ello, Marco captur\u00f3 la punta.<\/p>\n<p class=\"paragraph\" data-mrf-recirculation=\"Links inline\">El chico cordob\u00e9s, del equipo Galarza Racing, instaur\u00f3 un r\u00e9cord de precocidad como el ganador m\u00e1s joven de una carrera organizada por la ACTC, con\u00a0<b>14 a\u00f1os y 11 meses.\u00a0<\/b>\u201cTrabajamos much\u00edsimo ac\u00e1 en La Plata, le estoy muy agradecido a todo el equipo por el apoyo. Estoy contento de defender a m\u00ed pueblo, es muy chiquito\u201d, cont\u00f3 Dianda.<\/p>\n<p class=\"paragraph\" data-mrf-recirculation=\"Links inline\">En su cuarta carrera en la divisional, Dianda logr\u00f3 la victoria, con un tiempo acumulado de 20m. 57s. 722\/1000 para recorrer 13 vueltas en el Aut\u00f3dromo Roberto Jos\u00e9 Mouras. Aventaj\u00f3 por 2s. 336\/1000 al pergaminense\u00a0<b>Felipe Bernasconi<\/b>\u00a0(Chevrolet), mientras que el rionegrino\u00a0<b>Benjam\u00edn Ochoa\u00a0<\/b>(Ford) termin\u00f3 tercero a 6s. 652\/1000.<\/p>\n<p class=\"paragraph\" data-mrf-recirculation=\"Links inline\">El cordob\u00e9s\u00a0<b>Thomas Pozner\u00a0<\/b>(Dodge), quien lleg\u00f3 en la d\u00e9cima colocaci\u00f3n, encabeza las posiciones del torneo con 150 puntos, 2,5 de ventaja sobre\u00a0<b>Gast\u00f3n Iansa<\/b>\u00a0(Chevrolet), que termin\u00f3 quinto. En tanto que Dianda completa top cinco en la tabla con 134,5.<\/p>\n<p class=\"paragraph\" data-mrf-recirculation=\"Links inline\">El campeonato consta de 16 fechas y hasta la und\u00e9cima se correr\u00e1 la etapa regular. Los 12 mejores en el torneo hasta ese momento clasificar\u00e1n a la Copa Coronaci\u00f3n en es la instancia final en la que el que m\u00e1s puntos sume ser\u00e1 el campe\u00f3n.<\/p>\n<p class=\"paragraph\" data-mrf-recirculation=\"Links inline\">La pr\u00f3xima fecha del TC Pista Mouras se disputar\u00e1 el domingo 2 de abril en el aut\u00f3dromo sin chicanas de la ciudad de La Plata.<\/p>\n<p data-mrf-recirculation=\"Links inline\">\n<\/div>\n<\/div>\n","protected":false},"excerpt":{"rendered":"<p>Los tiempos cambiaron en el automovilismo argentino. Los inconvenientes econ\u00f3micos que atraviesa el pa\u00eds desde hace varios a\u00f1os impiden que los j\u00f3venes puedan proyectar un campa\u00f1a en el exterior. Los chicos ahora pegan el salto del karting a los autos con techo para intentar correr en el Turismo Carretera u otra categor\u00eda. Es el caso [&hellip;]<\/p>\n","protected":false},"author":3,"featured_media":0,"comment_status":"open","ping_status":"open","sticky":false,"template":"","format":"standard","meta":{"_acf_changed":false,"footnotes":""},"categories":[1],"tags":[],"class_list":{"0":"post-2998","1":"post","2":"type-post","3":"status-publish","4":"format-standard","6":"category-sin-categoria"},"acf":[],"aioseo_notices":[],"_links":{"self":[{"href":"https:\/\/infosports.com.ar\/web\/wp-json\/wp\/v2\/posts\/2998","targetHints":{"allow":["GET"]}}],"collection":[{"href":"https:\/\/infosports.com.ar\/web\/wp-json\/wp\/v2\/posts"}],"about":[{"href":"https:\/\/infosports.com.ar\/web\/wp-json\/wp\/v2\/types\/post"}],"author":[{"embeddable":true,"href":"https:\/\/infosports.com.ar\/web\/wp-json\/wp\/v2\/users\/3"}],"replies":[{"embeddable":true,"href":"https:\/\/infosports.com.ar\/web\/wp-json\/wp\/v2\/comments?post=2998"}],"version-history":[{"count":1,"href":"https:\/\/infosports.com.ar\/web\/wp-json\/wp\/v2\/posts\/2998\/revisions"}],"predecessor-version":[{"id":3000,"href":"https:\/\/infosports.com.ar\/web\/wp-json\/wp\/v2\/posts\/2998\/revisions\/3000"}],"wp:attachment":[{"href":"https:\/\/infosports.com.ar\/web\/wp-json\/wp\/v2\/media?parent=2998"}],"wp:term":[{"taxonomy":"category","embeddable":true,"href":"https:\/\/infosports.com.ar\/web\/wp-json\/wp\/v2\/categories?post=2998"},{"taxonomy":"post_tag","embeddable":true,"href":"https:\/\/infosports.com.ar\/web\/wp-json\/wp\/v2\/tags?post=2998"}],"curies":[{"name":"wp","href":"https:\/\/api.w.org\/{rel}","templated":true}]}}