{"id":3042,"date":"2023-11-29T19:42:19","date_gmt":"2023-11-29T19:42:19","guid":{"rendered":"https:\/\/infosports.com.ar\/web\/?p=3042"},"modified":"2023-11-29T19:42:19","modified_gmt":"2023-11-29T19:42:19","slug":"manu-pereyra-campeona-en-el-pro-tur-internacional-de-tenis-de-mesa","status":"publish","type":"post","link":"https:\/\/infosports.com.ar\/web\/manu-pereyra-campeona-en-el-pro-tur-internacional-de-tenis-de-mesa\/","title":{"rendered":"Manu Pereyra campeona en el Pro Tur Internacional de Tenis de Mesa"},"content":{"rendered":"<p>Bah\u00eda Blanca-Dos representantes Catrilenses fueron animadores del Pro Tur Internacional de Tenis de Mesa, en Bah\u00eda Blanca Buenos Aires.Tanto Manu Pereyra, como Priscila Jara, siguen demostrando estar en un gran momento deportivo<!--more--><\/p>\n<p>El Torneo se disput\u00f3 en el Club Liniers de Bah\u00eda, los d\u00edas 23, 24, 25 y 26 de marzo. Las representantes Catrilenses pertenecientes a la Escuela Municipal fueron Priscila Jara y Manu Pereyra.<\/p>\n<p>Nuevamente Manu Pereyra se destac\u00f3 en la Categor\u00eda Mayor, al coronarse Campeona invita, sin ceder un Set, en la final triunfo 3 a 0, con parciales<br \/>\n11 &#8211; 9, 11 &#8211; 6 y 11 &#8211; 8 frente a la extraordinaria jugadora de la Selecci\u00f3n Argentina Justina Aguilar Ikeda de Buenos Aires.<\/p>\n<p>Extraordinario desempe\u00f1o de Manu, que en este 2023, sigue con la racha triunfadora en las competencias que ha disputado<\/p>\n<p>Lo que se viene para Manu es el Provincial de R\u00edo Negro a disputarse en el mes de abril en Dina Huapi.<\/p>\n<p><a href=\"https:\/\/infosports.com.ar\/web\/wp-content\/uploads\/2023\/03\/e671f01c-1973-4e86-899c-746ff01fb030.jpg\"><img loading=\"lazy\" decoding=\"async\" class=\"alignnone size-large wp-image-3044\" src=\"https:\/\/infosports.com.ar\/web\/wp-content\/uploads\/2023\/03\/e671f01c-1973-4e86-899c-746ff01fb030-768x1024.jpg\" alt=\"\" width=\"696\" height=\"928\" \/><\/a><\/p>\n","protected":false},"excerpt":{"rendered":"<p>Bah\u00eda Blanca-Dos representantes Catrilenses fueron animadores del Pro Tur Internacional de Tenis de Mesa, en Bah\u00eda Blanca Buenos Aires.Tanto Manu Pereyra, como Priscila Jara, siguen demostrando estar en un gran momento deportivo<\/p>\n","protected":false},"author":3,"featured_media":0,"comment_status":"open","ping_status":"open","sticky":false,"template":"","format":"standard","meta":{"_acf_changed":false,"footnotes":""},"categories":[1],"tags":[],"class_list":{"0":"post-3042","1":"post","2":"type-post","3":"status-publish","4":"format-standard","6":"category-sin-categoria"},"acf":[],"aioseo_notices":[],"_links":{"self":[{"href":"https:\/\/infosports.com.ar\/web\/wp-json\/wp\/v2\/posts\/3042","targetHints":{"allow":["GET"]}}],"collection":[{"href":"https:\/\/infosports.com.ar\/web\/wp-json\/wp\/v2\/posts"}],"about":[{"href":"https:\/\/infosports.com.ar\/web\/wp-json\/wp\/v2\/types\/post"}],"author":[{"embeddable":true,"href":"https:\/\/infosports.com.ar\/web\/wp-json\/wp\/v2\/users\/3"}],"replies":[{"embeddable":true,"href":"https:\/\/infosports.com.ar\/web\/wp-json\/wp\/v2\/comments?post=3042"}],"version-history":[{"count":1,"href":"https:\/\/infosports.com.ar\/web\/wp-json\/wp\/v2\/posts\/3042\/revisions"}],"predecessor-version":[{"id":3045,"href":"https:\/\/infosports.com.ar\/web\/wp-json\/wp\/v2\/posts\/3042\/revisions\/3045"}],"wp:attachment":[{"href":"https:\/\/infosports.com.ar\/web\/wp-json\/wp\/v2\/media?parent=3042"}],"wp:term":[{"taxonomy":"category","embeddable":true,"href":"https:\/\/infosports.com.ar\/web\/wp-json\/wp\/v2\/categories?post=3042"},{"taxonomy":"post_tag","embeddable":true,"href":"https:\/\/infosports.com.ar\/web\/wp-json\/wp\/v2\/tags?post=3042"}],"curies":[{"name":"wp","href":"https:\/\/api.w.org\/{rel}","templated":true}]}}