{"id":3049,"date":"2023-11-29T19:42:19","date_gmt":"2023-11-29T19:42:19","guid":{"rendered":"https:\/\/infosports.com.ar\/web\/?p=3049"},"modified":"2023-11-29T19:42:19","modified_gmt":"2023-11-29T19:42:19","slug":"abril-inicia-en-el-orden-deportivo-con-la-carrera-solidaria-de-la-escuela-218","status":"publish","type":"post","link":"https:\/\/infosports.com.ar\/web\/abril-inicia-en-el-orden-deportivo-con-la-carrera-solidaria-de-la-escuela-218\/","title":{"rendered":"Abril inicia en el orden deportivo con la &#8220;Carrera Solidaria de la Escuela 218&#8221;"},"content":{"rendered":"<div class=\"x11i5rnm xat24cr x1mh8g0r x1vvkbs xdj266r x126k92a\">\n<div dir=\"auto\">Sumate a la <span class=\"x3nfvp2 x1j61x8r x1fcty0u xdj266r xhhsvwb xat24cr xgzva0m xxymvpz xlup9mm x1kky2od\">&#8220;Carrera Solidaria 55\u00ba aniversario de la Escuela 218&#8221;, organizada en conjunto por la instituci\u00f3n escolar y su cooperadora, &#8220;Corredores Unidos&#8221;, la Direcci\u00f3n de Deportes Municipal y el acompa\u00f1amiento del Legislador Carlos Johnston.<\/span><\/div>\n<\/div>\n<p><!--more--><\/p>\n<div class=\"x11i5rnm xat24cr x1mh8g0r x1vvkbs xtlvy1s x126k92a\">\n<div dir=\"auto\">El evento deportivo, dirigido a toda la comunidad, tendr\u00e1 lugar el 1 de abril, con largada en el Parque YPF y distintas modalidades:<\/div>\n<div dir=\"auto\"><span class=\"x3nfvp2 x1j61x8r x1fcty0u xdj266r xhhsvwb xat24cr xgzva0m xxymvpz xlup9mm x1kky2od\"><img loading=\"lazy\" decoding=\"async\" src=\"https:\/\/static.xx.fbcdn.net\/images\/emoji.php\/v9\/t5\/1.5\/16\/1f4cc.png\" alt=\"&#x1f4cc;\" width=\"16\" height=\"16\" \/><\/span>17hs: Mini Atletismo, para los peques<\/div>\n<div dir=\"auto\"><span class=\"x3nfvp2 x1j61x8r x1fcty0u xdj266r xhhsvwb xat24cr xgzva0m xxymvpz xlup9mm x1kky2od\"><img loading=\"lazy\" decoding=\"async\" src=\"https:\/\/static.xx.fbcdn.net\/images\/emoji.php\/v9\/t5\/1.5\/16\/1f4cc.png\" alt=\"&#x1f4cc;\" width=\"16\" height=\"16\" \/><\/span>19:30hs: Caminata Familiar<\/div>\n<div dir=\"auto\"><span class=\"x3nfvp2 x1j61x8r x1fcty0u xdj266r xhhsvwb xat24cr xgzva0m xxymvpz xlup9mm x1kky2od\"><img loading=\"lazy\" decoding=\"async\" src=\"https:\/\/static.xx.fbcdn.net\/images\/emoji.php\/v9\/t5\/1.5\/16\/1f4cc.png\" alt=\"&#x1f4cc;\" width=\"16\" height=\"16\" \/><\/span>20hs: Carrera Competitiva 10K<\/div>\n<\/div>\n<div class=\"x11i5rnm xat24cr x1mh8g0r x1vvkbs xtlvy1s x126k92a\">\n<div dir=\"auto\"><span class=\"x3nfvp2 x1j61x8r x1fcty0u xdj266r xhhsvwb xat24cr xgzva0m xxymvpz xlup9mm x1kky2od\"><img loading=\"lazy\" decoding=\"async\" src=\"https:\/\/static.xx.fbcdn.net\/images\/emoji.php\/v9\/t99\/1.5\/16\/1f4a5.png\" alt=\"&#x1f4a5;\" width=\"16\" height=\"16\" \/><\/span>Adem\u00e1s, habr\u00e1 m\u00fasica en vivo y Paseo de Artesanos para que disfruten todas las familias catrielenses.<\/div>\n<\/div>\n<div class=\"x11i5rnm xat24cr x1mh8g0r x1vvkbs xtlvy1s x126k92a\">\n<div dir=\"auto\">Inscripciones en el link:<\/div>\n<div dir=\"auto\"><a class=\"x1i10hfl xjbqb8w x6umtig x1b1mbwd xaqea5y xav7gou x9f619 x1ypdohk xt0psk2 xe8uvvx xdj266r x11i5rnm xat24cr x1mh8g0r xexx8yu x4uap5 x18d9i69 xkhd6sd x16tdsg8 x1hl2dhg xggy1nq x1a2a7pz xt0b8zv x1fey0fg\" tabindex=\"0\" role=\"link\" href=\"https:\/\/forms.gle\/UYXsUCVjPTZetciw7?fbclid=IwAR2MMMn7LXuKjqyi4Np4oW_SkHXkIc_qeFKdfhbQEwzMl_2t3ISjFcAd59U\" target=\"_blank\" rel=\"nofollow noopener\">https:\/\/forms.gle\/UYXsUCVjPTZetciw7<\/a><\/div>\n<\/div>\n","protected":false},"excerpt":{"rendered":"<p>Sumate a la &#8220;Carrera Solidaria 55\u00ba aniversario de la Escuela 218&#8221;, organizada en conjunto por la instituci\u00f3n escolar y su cooperadora, &#8220;Corredores Unidos&#8221;, la Direcci\u00f3n de Deportes Municipal y el acompa\u00f1amiento del Legislador Carlos Johnston.<\/p>\n","protected":false},"author":3,"featured_media":0,"comment_status":"open","ping_status":"open","sticky":false,"template":"","format":"standard","meta":{"_acf_changed":false,"footnotes":""},"categories":[1],"tags":[],"class_list":{"0":"post-3049","1":"post","2":"type-post","3":"status-publish","4":"format-standard","6":"category-sin-categoria"},"acf":[],"aioseo_notices":[],"_links":{"self":[{"href":"https:\/\/infosports.com.ar\/web\/wp-json\/wp\/v2\/posts\/3049","targetHints":{"allow":["GET"]}}],"collection":[{"href":"https:\/\/infosports.com.ar\/web\/wp-json\/wp\/v2\/posts"}],"about":[{"href":"https:\/\/infosports.com.ar\/web\/wp-json\/wp\/v2\/types\/post"}],"author":[{"embeddable":true,"href":"https:\/\/infosports.com.ar\/web\/wp-json\/wp\/v2\/users\/3"}],"replies":[{"embeddable":true,"href":"https:\/\/infosports.com.ar\/web\/wp-json\/wp\/v2\/comments?post=3049"}],"version-history":[{"count":1,"href":"https:\/\/infosports.com.ar\/web\/wp-json\/wp\/v2\/posts\/3049\/revisions"}],"predecessor-version":[{"id":3050,"href":"https:\/\/infosports.com.ar\/web\/wp-json\/wp\/v2\/posts\/3049\/revisions\/3050"}],"wp:attachment":[{"href":"https:\/\/infosports.com.ar\/web\/wp-json\/wp\/v2\/media?parent=3049"}],"wp:term":[{"taxonomy":"category","embeddable":true,"href":"https:\/\/infosports.com.ar\/web\/wp-json\/wp\/v2\/categories?post=3049"},{"taxonomy":"post_tag","embeddable":true,"href":"https:\/\/infosports.com.ar\/web\/wp-json\/wp\/v2\/tags?post=3049"}],"curies":[{"name":"wp","href":"https:\/\/api.w.org\/{rel}","templated":true}]}}