{"id":3051,"date":"2023-11-29T19:42:19","date_gmt":"2023-11-29T19:42:19","guid":{"rendered":"https:\/\/infosports.com.ar\/web\/?p=3051"},"modified":"2023-11-29T19:42:19","modified_gmt":"2023-11-29T19:42:19","slug":"copa-libertadores-boca-tuvo-suerte-y-a-river-le-toco-un-grupo-mas-complicado","status":"publish","type":"post","link":"https:\/\/infosports.com.ar\/web\/copa-libertadores-boca-tuvo-suerte-y-a-river-le-toco-un-grupo-mas-complicado\/","title":{"rendered":"Copa Libertadores: Boca tuvo suerte y a River le toc\u00f3 un grupo m\u00e1s complicado"},"content":{"rendered":"<p>En una jornada marat\u00f3nica que Conmebol organiz\u00f3 en Asunci\u00f3n, luego del homenaje a los campeones del mundo en Qatar llegaron los ansiados sorteos de los cert\u00e1menes continentales, donde la\u00a0<strong>Copa Libertadores es la m\u00e1xima atracci\u00f3n.<\/strong><!--more--><\/p>\n<section class=\"body-content\" data-twitter-link=\"https:\/\/twitter.com\/intent\/tweet?url=https:\/\/www.lmneuquen.com\/c1006322&amp;v\u00eda=lmneuquen&amp;related=LM Neuquen&amp;text=\" data-td-script-src=\"https:\/\/www.lmneuquen.com\/js-custom\/195\/v2\/jquery-3.6.0.min-min-version-1621517491.js,https:\/\/www.lmneuquen.com\/js-custom\/195\/v2\/functions\/function-embeds-min-version-1622559975.js\"><strong>Boca y River\u00a0<\/strong>estuvieron entre los cabezas de serie, ratificando que son los mejores conjuntos argentinos de las \u00faltimas d\u00e9cadas a nivel internacional. De hecho, ambos son amplios favoritos en sus respectivas zonas.<\/p>\n<\/section>\n<section class=\"body-content\" data-twitter-link=\"https:\/\/twitter.com\/intent\/tweet?url=https:\/\/www.lmneuquen.com\/c1006322&amp;v\u00eda=lmneuquen&amp;related=LM Neuquen&amp;text=\" data-td-script-src=\"https:\/\/www.lmneuquen.com\/js-custom\/195\/v2\/jquery-3.6.0.min-min-version-1621517491.js,https:\/\/www.lmneuquen.com\/js-custom\/195\/v2\/functions\/function-embeds-min-version-1622559975.js\"><strong>El Xeneize qued\u00f3 en el grupo F con Colo Colo de Chile, Monagas de Venezuela y Deportivo Pereira de Colombia<\/strong>. El hecho de no tener ning\u00fan rival brasile\u00f1o de fuste le da a los de Hugo Ibarra perspectivas de una zona m\u00e1s accesible.<\/p>\n<\/section>\n<section class=\"body-content\" data-twitter-link=\"https:\/\/twitter.com\/intent\/tweet?url=https:\/\/www.lmneuquen.com\/c1006322&amp;v\u00eda=lmneuquen&amp;related=LM Neuquen&amp;text=\" data-td-script-src=\"https:\/\/www.lmneuquen.com\/js-custom\/195\/v2\/jquery-3.6.0.min-min-version-1621517491.js,https:\/\/www.lmneuquen.com\/js-custom\/195\/v2\/functions\/function-embeds-min-version-1622559975.js\">Por su parte, el\u00a0<strong>Millo\u00a0<\/strong>s\u00ed tendr\u00e1 en la zona D a un conjunto del pa\u00eds m\u00e1s temido de Sudam\u00e9rica. Se trata de\u00a0<strong>Fluminense<\/strong>, que igualmente nunca sali\u00f3 campe\u00f3n del torneo y cada vez que se enfrent\u00f3 a River no pudo prevalecer.\u00a0<strong>The Strongest de Bolivia<\/strong>\u00a0representa dificultad por la altura de aquel pa\u00eds y<strong>\u00a0Sporting Cristal de Per\u00fa<\/strong>\u00a0es un contrincante de menor jerarqu\u00eda, aunque viene de dejar afuera a Hurac\u00e1n en fase previa.<\/p>\n<p>Adem\u00e1s,\u00a0<strong>Racing chocar\u00e1 con el \u00faltimo campe\u00f3n, ya que Flamengo<\/strong>\u00a0es cabeza de serie y los de Fernando Gago estuvieron en el bombo 2. De todas formas, los d\u00e9biles<strong>\u00a0Aucas de Ecuador y \u00d1ublense de Chile\u00a0<\/strong>no deber\u00edan representar mayores dificultades en la zona A.<\/p>\n<p><strong>Argentinos Juniors<\/strong>\u00a0qued\u00f3 en el grupo E junto con un rival dif\u00edcil como I<strong>ndependiente del Valle de Ecuador,<\/strong>\u00a0el cabeza de serie que viene de ser campe\u00f3n de la Recopa Sudamericana. Completan el duro\u00a0<strong>Corinthians de Brasil y Liverpool de Uruguay,\u00a0<\/strong>una zona tambi\u00e9n complicada para el Bicho.<\/p>\n<div id=\"927543-Libre-1816263512_wrap\" class=\"embed_cont type_imagen\" contenteditable=\"false\">\n<div id=\"927543-Libre-1816263512_content\" class=\"embed_content\"><img decoding=\"async\" id=\"927543-Libre-1816263512_embed\" src=\"https:\/\/media.lmneuquen.com\/p\/5afe4852e5ac1ff4e7997aec2d5227e0\/adjuntos\/195\/imagenes\/007\/460\/0007460798\/770x0\/smart\/fsrmfrgwyaag9gzjpg.jpg\" alt=\"\" width=\"770\" height=\"\" data-td-src-property=\"https:\/\/media.lmneuquen.com\/p\/5afe4852e5ac1ff4e7997aec2d5227e0\/adjuntos\/195\/imagenes\/007\/460\/0007460798\/770x0\/smart\/fsrmfrgwyaag9gzjpg.jpg\" \/><\/div>\n<\/div>\n<p>El equipo restante de los argentinos es nada menos que\u00a0<strong>Patronato de Paran\u00e1<\/strong>. La obtenci\u00f3n de la Copa Argentina 2022 le permiti\u00f3 clasificar a la Libertadores pese al descenso por promedios. En su primera participaci\u00f3n, los de Entre R\u00edos ser\u00e1n rivales de\u00a0<strong>Olimpia de Paraguay,\u00a0<\/strong>cabeza de serie del grupo H, otro hist\u00f3rico como\u00a0<strong>Atl\u00e9tico Nacional de Colombia, y Deportivo Melgar de Per\u00fa.<\/strong><\/p>\n<\/section>\n","protected":false},"excerpt":{"rendered":"<p>En una jornada marat\u00f3nica que Conmebol organiz\u00f3 en Asunci\u00f3n, luego del homenaje a los campeones del mundo en Qatar llegaron los ansiados sorteos de los cert\u00e1menes continentales, donde la\u00a0Copa Libertadores es la m\u00e1xima atracci\u00f3n.<\/p>\n","protected":false},"author":3,"featured_media":0,"comment_status":"open","ping_status":"open","sticky":false,"template":"","format":"standard","meta":{"_acf_changed":false,"footnotes":""},"categories":[1],"tags":[],"class_list":{"0":"post-3051","1":"post","2":"type-post","3":"status-publish","4":"format-standard","6":"category-sin-categoria"},"acf":[],"aioseo_notices":[],"_links":{"self":[{"href":"https:\/\/infosports.com.ar\/web\/wp-json\/wp\/v2\/posts\/3051","targetHints":{"allow":["GET"]}}],"collection":[{"href":"https:\/\/infosports.com.ar\/web\/wp-json\/wp\/v2\/posts"}],"about":[{"href":"https:\/\/infosports.com.ar\/web\/wp-json\/wp\/v2\/types\/post"}],"author":[{"embeddable":true,"href":"https:\/\/infosports.com.ar\/web\/wp-json\/wp\/v2\/users\/3"}],"replies":[{"embeddable":true,"href":"https:\/\/infosports.com.ar\/web\/wp-json\/wp\/v2\/comments?post=3051"}],"version-history":[{"count":1,"href":"https:\/\/infosports.com.ar\/web\/wp-json\/wp\/v2\/posts\/3051\/revisions"}],"predecessor-version":[{"id":3053,"href":"https:\/\/infosports.com.ar\/web\/wp-json\/wp\/v2\/posts\/3051\/revisions\/3053"}],"wp:attachment":[{"href":"https:\/\/infosports.com.ar\/web\/wp-json\/wp\/v2\/media?parent=3051"}],"wp:term":[{"taxonomy":"category","embeddable":true,"href":"https:\/\/infosports.com.ar\/web\/wp-json\/wp\/v2\/categories?post=3051"},{"taxonomy":"post_tag","embeddable":true,"href":"https:\/\/infosports.com.ar\/web\/wp-json\/wp\/v2\/tags?post=3051"}],"curies":[{"name":"wp","href":"https:\/\/api.w.org\/{rel}","templated":true}]}}