{"id":3057,"date":"2023-11-29T19:42:19","date_gmt":"2023-11-29T19:42:19","guid":{"rendered":"https:\/\/infosports.com.ar\/web\/?p=3057"},"modified":"2023-11-29T19:42:19","modified_gmt":"2023-11-29T19:42:19","slug":"safari-regional-binomios-de-catriel-aceleraron-en-la-primera","status":"publish","type":"post","link":"https:\/\/infosports.com.ar\/web\/safari-regional-binomios-de-catriel-aceleraron-en-la-primera\/","title":{"rendered":"Safari Regional-Binomios de Catriel aceleraron en la primera"},"content":{"rendered":"<p>Fernando Espejo piloto Catrielense, junto a su copiloto Maravilla Ricardo de 25 de Mayo en Potenciados dieron el presente en la localidad de Los Menucos en la 1\u00b0 fecha del Safari Regional, al igual que su coterr\u00e1neo Jorge Bravo y Mart\u00edn Bravo en Simples B y Romero Facundo en motos nacionales.<!--more--><\/p>\n<p>Fernando Espejo habl\u00f3 con radio Alas e infosports.com.ar\/webweb\/<\/p>\n<p>\u201cAlgunos inconvenientes, ya que el terreno como se sabe es complejo, mucha piedra laja, s\u00e1bado nos quedamos sin suspensi\u00f3n trasera, a\u00fan as\u00ed los 20kmts que quedaban pudimos superarlos pero a un ritmo tranquilo. Ese mismo d\u00eda hasta la noche se trabaj\u00f3 en los arreglos para el domingo sortear lo que quedaba de competencia, m\u00e1s all\u00e1 de otros problemas mec\u00e1nicos que iban apareciendo en un terrenos tan dif\u00edcil\u201d<\/p>\n<p>\u201cLa pr\u00f3xima fecha ser\u00e1 en abril en Sierra Colorada, as\u00ed que trabajamos en ello con todas las circunstancias ya conocidas, cuesta, desde lo econ\u00f3mico, repuestos, combustible, pero hay gente que nos acompa\u00f1a y sponsors que ayudan\u201d.<\/p>\n<p>&nbsp;<\/p>\n<p><em><strong>Bravo Jorge &#8211; Bravo Martin<\/strong><\/em><\/p>\n<p>Categ Simples B (19 inscriptos).<\/p>\n<p>Dia s\u00e1bado: Puesto 7<\/p>\n<p>Dia domingo: Puesto 2<\/p>\n<p>General: puesto 5<\/p>\n<p>&nbsp;<\/p>\n<p><em><strong>Fernando Espejo-Ricardo Maravilla<\/strong><\/em><\/p>\n<p>2\u00b0 puesto General<\/p>\n<p>&nbsp;<\/p>\n<p><em><strong>Motos Nacionales A y B<\/strong><\/em><\/p>\n<p>Facundo Romero:<\/p>\n<p>3\u00b0 puesto general<\/p>\n","protected":false},"excerpt":{"rendered":"<p>Fernando Espejo piloto Catrielense, junto a su copiloto Maravilla Ricardo de 25 de Mayo en Potenciados dieron el presente en la localidad de Los Menucos en la 1\u00b0 fecha del Safari Regional, al igual que su coterr\u00e1neo Jorge Bravo y Mart\u00edn Bravo en Simples B y Romero Facundo en motos nacionales.<\/p>\n","protected":false},"author":3,"featured_media":0,"comment_status":"open","ping_status":"open","sticky":false,"template":"","format":"standard","meta":{"_acf_changed":false,"footnotes":""},"categories":[1],"tags":[],"class_list":{"0":"post-3057","1":"post","2":"type-post","3":"status-publish","4":"format-standard","6":"category-sin-categoria"},"acf":[],"aioseo_notices":[],"_links":{"self":[{"href":"https:\/\/infosports.com.ar\/web\/wp-json\/wp\/v2\/posts\/3057","targetHints":{"allow":["GET"]}}],"collection":[{"href":"https:\/\/infosports.com.ar\/web\/wp-json\/wp\/v2\/posts"}],"about":[{"href":"https:\/\/infosports.com.ar\/web\/wp-json\/wp\/v2\/types\/post"}],"author":[{"embeddable":true,"href":"https:\/\/infosports.com.ar\/web\/wp-json\/wp\/v2\/users\/3"}],"replies":[{"embeddable":true,"href":"https:\/\/infosports.com.ar\/web\/wp-json\/wp\/v2\/comments?post=3057"}],"version-history":[{"count":1,"href":"https:\/\/infosports.com.ar\/web\/wp-json\/wp\/v2\/posts\/3057\/revisions"}],"predecessor-version":[{"id":3059,"href":"https:\/\/infosports.com.ar\/web\/wp-json\/wp\/v2\/posts\/3057\/revisions\/3059"}],"wp:attachment":[{"href":"https:\/\/infosports.com.ar\/web\/wp-json\/wp\/v2\/media?parent=3057"}],"wp:term":[{"taxonomy":"category","embeddable":true,"href":"https:\/\/infosports.com.ar\/web\/wp-json\/wp\/v2\/categories?post=3057"},{"taxonomy":"post_tag","embeddable":true,"href":"https:\/\/infosports.com.ar\/web\/wp-json\/wp\/v2\/tags?post=3057"}],"curies":[{"name":"wp","href":"https:\/\/api.w.org\/{rel}","templated":true}]}}