{"id":3078,"date":"2023-11-29T19:42:19","date_gmt":"2023-11-29T19:42:19","guid":{"rendered":"https:\/\/infosports.com.ar\/web\/?p=3078"},"modified":"2023-11-29T19:42:19","modified_gmt":"2023-11-29T19:42:19","slug":"rally-los-hermanos-mauro-y-maxi-debasa-listos-para-la-2-del-regional","status":"publish","type":"post","link":"https:\/\/infosports.com.ar\/web\/rally-los-hermanos-mauro-y-maxi-debasa-listos-para-la-2-del-regional\/","title":{"rendered":"Rally-Los hermanos Mauro y Maxi Debasa listos para la 2\u00b0 del regional"},"content":{"rendered":"<p>Vuelve el rugir de motores con el Regional de Rally, esta vez con la 2\u00b0 fecha en la localidad de Cipolletti, donde en el caso de Catriel Mauro Debasa, \u00faltimo campe\u00f3n de la N2 intentar\u00e1 y despu\u00e9s de varios a\u00f1os la vuelta del mayor de los Debasa, Maxi, multi campe\u00f3n en temporadas pasadas estar\u00e1 en la divisional A6.<!--more--><\/p>\n<p>Cabe remarcar que por el lado de Mauro sigue en la b\u00fasqueda de la mejor puesta a punto de su nuevo Ford Fiesta, en tanto Maxi Debasa, junto a Sain Marcelo (copiloto) debutar\u00e1n en la presente temporada a bordo del hist\u00f3rico Renault Clio del Debasa Competici\u00f3n<\/p>\n<p>La rampa de largada que estar\u00e1 montada el viernes desde las 20 en inmediaciones al Centro Cultural de Cipolletti, sobre la calle Fern\u00e1ndez Oro, tendr\u00e1 a 61 autos partiendo y marcando el regreso del Rally a esta ciudad despu\u00e9s de 8 a\u00f1os de ausencia en el calendario.<\/p>\n<p style=\"font-style: inherit; font-weight: inherit;\">La 2\u00aa fecha del campeonato Regional provoc\u00f3 una gran repercusi\u00f3n en los talleres regionales, tambi\u00e9n en los de la ciudad anfitriona que incrementar\u00e1 significativamente la cantidad de participantes.<\/p>\n<p><a href=\"https:\/\/infosports.com.ar\/web\/wp-content\/uploads\/2023\/03\/20230330184708_rally1.jpg\"><img loading=\"lazy\" decoding=\"async\" class=\"alignnone size-full wp-image-3079\" src=\"https:\/\/infosports.com.ar\/web\/wp-content\/uploads\/2023\/03\/20230330184708_rally1.jpg\" alt=\"\" width=\"692\" height=\"589\" \/><\/a><\/p>\n<p><a href=\"https:\/\/infosports.com.ar\/web\/wp-content\/uploads\/2023\/03\/20230330184715_rally2.jpg\"><img loading=\"lazy\" decoding=\"async\" class=\"alignnone size-full wp-image-3080\" src=\"https:\/\/infosports.com.ar\/web\/wp-content\/uploads\/2023\/03\/20230330184715_rally2.jpg\" alt=\"\" width=\"684\" height=\"490\" \/><\/a><\/p>\n<p><a href=\"https:\/\/infosports.com.ar\/web\/wp-content\/uploads\/2023\/03\/20230330184725_rally3.jpg\"><img loading=\"lazy\" decoding=\"async\" class=\"alignnone size-full wp-image-3081\" src=\"https:\/\/infosports.com.ar\/web\/wp-content\/uploads\/2023\/03\/20230330184725_rally3.jpg\" alt=\"\" width=\"681\" height=\"508\" \/><\/a><\/p>\n<p><a href=\"https:\/\/infosports.com.ar\/web\/wp-content\/uploads\/2023\/03\/20230330184735_rally4.jpg\"><img loading=\"lazy\" decoding=\"async\" class=\"alignnone size-full wp-image-3082\" src=\"https:\/\/infosports.com.ar\/web\/wp-content\/uploads\/2023\/03\/20230330184735_rally4.jpg\" alt=\"\" width=\"684\" height=\"485\" \/><\/a><\/p>\n","protected":false},"excerpt":{"rendered":"<p>Vuelve el rugir de motores con el Regional de Rally, esta vez con la 2\u00b0 fecha en la localidad de Cipolletti, donde en el caso de Catriel Mauro Debasa, \u00faltimo campe\u00f3n de la N2 intentar\u00e1 y despu\u00e9s de varios a\u00f1os la vuelta del mayor de los Debasa, Maxi, multi campe\u00f3n en temporadas pasadas estar\u00e1 en [&hellip;]<\/p>\n","protected":false},"author":3,"featured_media":0,"comment_status":"open","ping_status":"open","sticky":false,"template":"","format":"standard","meta":{"_acf_changed":false,"footnotes":""},"categories":[1],"tags":[],"class_list":{"0":"post-3078","1":"post","2":"type-post","3":"status-publish","4":"format-standard","6":"category-sin-categoria"},"acf":[],"aioseo_notices":[],"_links":{"self":[{"href":"https:\/\/infosports.com.ar\/web\/wp-json\/wp\/v2\/posts\/3078","targetHints":{"allow":["GET"]}}],"collection":[{"href":"https:\/\/infosports.com.ar\/web\/wp-json\/wp\/v2\/posts"}],"about":[{"href":"https:\/\/infosports.com.ar\/web\/wp-json\/wp\/v2\/types\/post"}],"author":[{"embeddable":true,"href":"https:\/\/infosports.com.ar\/web\/wp-json\/wp\/v2\/users\/3"}],"replies":[{"embeddable":true,"href":"https:\/\/infosports.com.ar\/web\/wp-json\/wp\/v2\/comments?post=3078"}],"version-history":[{"count":1,"href":"https:\/\/infosports.com.ar\/web\/wp-json\/wp\/v2\/posts\/3078\/revisions"}],"predecessor-version":[{"id":3083,"href":"https:\/\/infosports.com.ar\/web\/wp-json\/wp\/v2\/posts\/3078\/revisions\/3083"}],"wp:attachment":[{"href":"https:\/\/infosports.com.ar\/web\/wp-json\/wp\/v2\/media?parent=3078"}],"wp:term":[{"taxonomy":"category","embeddable":true,"href":"https:\/\/infosports.com.ar\/web\/wp-json\/wp\/v2\/categories?post=3078"},{"taxonomy":"post_tag","embeddable":true,"href":"https:\/\/infosports.com.ar\/web\/wp-json\/wp\/v2\/tags?post=3078"}],"curies":[{"name":"wp","href":"https:\/\/api.w.org\/{rel}","templated":true}]}}