{"id":4030,"date":"2023-11-29T19:44:30","date_gmt":"2023-11-29T19:44:30","guid":{"rendered":"https:\/\/infosports.com.ar\/web\/?p=4030"},"modified":"2023-11-29T19:44:30","modified_gmt":"2023-11-29T19:44:30","slug":"catriel-ms-padel-tuvo-accion-en-categorias-40-y-50","status":"publish","type":"post","link":"https:\/\/infosports.com.ar\/web\/catriel-ms-padel-tuvo-accion-en-categorias-40-y-50\/","title":{"rendered":"Catriel M&#038;S P\u00e1del tuvo acci\u00f3n en categor\u00edas +40 y +50"},"content":{"rendered":"<p>El pasado fin de semana en el complejo Catriel M&amp;S Padel Indoor (Complejo Lisant) se realiz\u00f3 un nuevo torneo de p\u00e1del en conjunto con la Asociaci\u00f3n Veteranos de Neuqu\u00e9n &#8220;Viciosos del p\u00e1del&#8221; en las categor\u00eda Veteranos +40 y Veteranos+50 en\u00a0 donde se vio una gran cantidad de parejas inscriptas (26) de distintos lugares, Alvear Mdza, Neuqu\u00e9n, Catriel y 25 de Mayo, se pudo disfrutar todo el fin de semana de muy buenos partidos, tenemos que decir que los resultados fueron los siguientes (infosports.com.ar\/webweb\/ \/ FM Alas)<!--more--><\/p>\n<p>Lograron consagrarse Campeones en categor\u00eda Veteranos +40 la pareja compuesta por Jos\u00e9 Ram\u00edrez y Diego Jat\u00fan de Catriel, en tanto el subcampeonato lo obtuvo la pareja de Cesar Corsino y Flavio L\u00f3pez de Catriel, por ultimo en el tercer puesto se ubic\u00f3 la pareja de 25 de Mayo, compuesta por Leo Asendorff y Davo Miranda.<\/p>\n<p><a href=\"https:\/\/infosports.com.ar\/web\/wp-content\/uploads\/2023\/09\/4b71c7d1-1d6a-4ae6-a0c7-8b978e2357ec.jpg\"><img loading=\"lazy\" decoding=\"async\" class=\"alignnone size-medium wp-image-4031\" src=\"https:\/\/infosports.com.ar\/web\/wp-content\/uploads\/2023\/09\/4b71c7d1-1d6a-4ae6-a0c7-8b978e2357ec-295x300.jpg\" alt=\"\" width=\"295\" height=\"300\" \/><\/a><\/p>\n<p>En cuanto a\u00a0 la categor\u00eda Veteranos +50, lograron consagrarse campeones la pareja de Neuqu\u00e9n compuesta por Marcelo Cejas y Victor Gonz\u00e1lez, quedando subcampeona la pareja Jorge Carro de Neuqu\u00e9n y Luis Garc\u00eda de 25 de Mayo, por ultimo en el tercer lugar en esta categor\u00eda qued\u00f3 la pareja Marcelo Orellana y Juan Mu\u00f1oz de General Alvear Mdza.<\/p>\n","protected":false},"excerpt":{"rendered":"<p>El pasado fin de semana en el complejo Catriel M&amp;S Padel Indoor (Complejo Lisant) se realiz\u00f3 un nuevo torneo de p\u00e1del en conjunto con la Asociaci\u00f3n Veteranos de Neuqu\u00e9n &#8220;Viciosos del p\u00e1del&#8221; en las categor\u00eda Veteranos +40 y Veteranos+50 en\u00a0 donde se vio una gran cantidad de parejas inscriptas (26) de distintos lugares, Alvear Mdza, [&hellip;]<\/p>\n","protected":false},"author":3,"featured_media":0,"comment_status":"open","ping_status":"open","sticky":false,"template":"","format":"standard","meta":{"_acf_changed":false,"footnotes":""},"categories":[1],"tags":[],"class_list":{"0":"post-4030","1":"post","2":"type-post","3":"status-publish","4":"format-standard","6":"category-sin-categoria"},"acf":[],"aioseo_notices":[],"_links":{"self":[{"href":"https:\/\/infosports.com.ar\/web\/wp-json\/wp\/v2\/posts\/4030","targetHints":{"allow":["GET"]}}],"collection":[{"href":"https:\/\/infosports.com.ar\/web\/wp-json\/wp\/v2\/posts"}],"about":[{"href":"https:\/\/infosports.com.ar\/web\/wp-json\/wp\/v2\/types\/post"}],"author":[{"embeddable":true,"href":"https:\/\/infosports.com.ar\/web\/wp-json\/wp\/v2\/users\/3"}],"replies":[{"embeddable":true,"href":"https:\/\/infosports.com.ar\/web\/wp-json\/wp\/v2\/comments?post=4030"}],"version-history":[{"count":1,"href":"https:\/\/infosports.com.ar\/web\/wp-json\/wp\/v2\/posts\/4030\/revisions"}],"predecessor-version":[{"id":4035,"href":"https:\/\/infosports.com.ar\/web\/wp-json\/wp\/v2\/posts\/4030\/revisions\/4035"}],"wp:attachment":[{"href":"https:\/\/infosports.com.ar\/web\/wp-json\/wp\/v2\/media?parent=4030"}],"wp:term":[{"taxonomy":"category","embeddable":true,"href":"https:\/\/infosports.com.ar\/web\/wp-json\/wp\/v2\/categories?post=4030"},{"taxonomy":"post_tag","embeddable":true,"href":"https:\/\/infosports.com.ar\/web\/wp-json\/wp\/v2\/tags?post=4030"}],"curies":[{"name":"wp","href":"https:\/\/api.w.org\/{rel}","templated":true}]}}