{"id":4039,"date":"2023-11-29T19:44:30","date_gmt":"2023-11-29T19:44:30","guid":{"rendered":"https:\/\/infosports.com.ar\/web\/?p=4039"},"modified":"2023-11-29T19:44:30","modified_gmt":"2023-11-29T19:44:30","slug":"la-agenda-completa-de-los-pumas-en-el-mundial-de-rugby-francia-2023","status":"publish","type":"post","link":"https:\/\/infosports.com.ar\/web\/la-agenda-completa-de-los-pumas-en-el-mundial-de-rugby-francia-2023\/","title":{"rendered":"La agenda completa de Los Pumas en el Mundial de Rugby Francia 2023"},"content":{"rendered":"<p>La preparaci\u00f3n de\u00a0<i><b>Los Pumas\u00a0<\/b><\/i>lleg\u00f3 a su fin y el debut en el\u00a0<b>Mundial de Francia 2023<\/b>\u00a0est\u00e1 a la vuelta de la esquina. La selecci\u00f3n argentina de rugby integrar\u00e1 el\u00a0<i>Grupo D<\/i>\u00a0junto a\u00a0<b>Inglaterra<\/b>,\u00a0<b>Samoa<\/b>,\u00a0<b>Chile\u00a0<\/b>y\u00a0<b>Jap\u00f3n\u00a0<\/b>con el sue\u00f1o de meterse entre los mejores ocho del certamen y as\u00ed tener una nueva cita con la historia grande del deporte. Con el australiano\u00a0<b>Michael Cheika<\/b>\u00a0como entrenador, el combinado nacional buscar\u00e1\u00a0<b>superar la vara que dej\u00f3 la camada del 2007<\/b>, que logr\u00f3 el tercer puesto.<!--more--><\/p>\n<p class=\"paragraph\" data-mrf-recirculation=\"Links inline\">En los \u00faltimos amistosos previos a la competencia, Argentina cay\u00f3 con\u00a0<b>Sud\u00e1frica\u00a0<\/b>por 24-13 y luego viaj\u00f3 a Europa donde derrot\u00f3 62-3 a\u00a0<b>Espa\u00f1a\u00a0<\/b>en Madrid. Los Pumas usan la ciudad de\u00a0<b>La Baule<\/b>, ubicada en 450 kil\u00f3metros al oeste de Par\u00eds sobre la C\u00f4te d\u2019Amour, como base para su estad\u00eda en territorio franc\u00e9s, y el complejo deportivo\u00a0<i>Jean-Gaillardon &#8211; Les Salines<\/i><b>\u00a0<\/b>los arropa durante su participaci\u00f3n. Esta instalaci\u00f3n cuenta con numerosas facilidades como una cancha de rugby al exterior con c\u00e9sped natural, gimnasio de 140 metros cuadrados, una sala de entrenamiento con equipamiento de \u00e9lite, zonas de c\u00e9sped sint\u00e9tico y una cancha techada de parqu\u00e9.<\/p>\n<div class=\"inline ad-wrapper\">\n<div class=\"dfpAd ad-inline\">\n<div id=\"infobae\/deportes\/nota\/inline\" class=\"infobae\/deportes\/nota\/inline arcad\" data-google-query-id=\"COrhtcOTloEDFbJR3QIdg3QB0Q\">\n<div id=\"google_ads_iframe_\/1058609\/infobae\/deportes\/nota\/inline_0__container__\"><iframe id=\"google_ads_iframe_\/1058609\/infobae\/deportes\/nota\/inline_0\" tabindex=\"0\" title=\"3rd party ad content\" role=\"region\" name=\"google_ads_iframe_\/1058609\/infobae\/deportes\/nota\/inline_0\" width=\"1\" height=\"1\" frameborder=\"0\" marginwidth=\"0\" marginheight=\"0\" scrolling=\"no\" aria-label=\"Advertisement\" data-load-complete=\"true\" data-google-container-id=\"9\" data-mce-fragment=\"1\"><\/iframe><\/div>\n<\/div>\n<\/div>\n<\/div>\n<p class=\"paragraph\" data-mrf-recirculation=\"Links inline\">All\u00ed desarrollan la recta final de su preparaci\u00f3n para su debut en la m\u00e1xima cita del deporte: tendr\u00e1\u00a0<b>su estreno el pr\u00f3ximo 9 de septiembre a las 16 (hora de Argentina)\u00a0<\/b>frente a\u00a0<b>Inglaterra<\/b><i><b>\u00a0<\/b><\/i>en el<i>\u00a0Stade Velodrome<\/i><b>\u00a0<\/b>de Marsella y la primera jornada ser\u00e1 en la que m\u00e1s viajar\u00e1 el plantel argentino con 884 kil\u00f3metros desde la costa Oeste hacia el Sur. La segunda fecha frente a\u00a0<b>Samoa\u00a0<\/b>se disputar\u00e1\u00a0<b>el viernes 22 del mismo mes a las 12.45<\/b>\u00a0en el estadio Geoffroy Guichard en Saint-\u00c9tienne (a unos 640 kil\u00f3metros de la concentraci\u00f3n).<\/p>\n<div class=\"visual__image\"><img loading=\"lazy\" decoding=\"async\" class=\" lazyload\" src=\"https:\/\/www.infobae.com\/new-resizer\/rTflaLcurhVee-Sfs8k0x7z0yBA=\/arc-anglerfish-arc2-prod-infobae\/public\/MSEH4NS7L5FHTKLILZXOYRNCOM.jpg\" sizes=\"auto, (min-width: 800px) 50vw, 90vw\" srcset=\"https:\/\/www.infobae.com\/new-resizer\/x5yyPN2AzzNvHwkte7FPP0i0q34=\/420x280\/filters:format(webp):quality(85)\/cloudfront-us-east-1.images.arcpublishing.com\/infobae\/MSEH4NS7L5FHTKLILZXOYRNCOM.jpg 420w,https:\/\/www.infobae.com\/new-resizer\/fGUi8SBB7aTvet_Xz2nI9G-VRvM=\/768x512\/filters:format(webp):quality(85)\/cloudfront-us-east-1.images.arcpublishing.com\/infobae\/MSEH4NS7L5FHTKLILZXOYRNCOM.jpg 768w,https:\/\/www.infobae.com\/new-resizer\/SjFRjUEeSUcsbCbBJ2pXISicQ5o=\/992x661\/filters:format(webp):quality(85)\/cloudfront-us-east-1.images.arcpublishing.com\/infobae\/MSEH4NS7L5FHTKLILZXOYRNCOM.jpg 992w,https:\/\/www.infobae.com\/new-resizer\/-B-8aII_sBVHAkkXdYMvsoYQaVc=\/1200x800\/filters:format(webp):quality(85)\/cloudfront-us-east-1.images.arcpublishing.com\/infobae\/MSEH4NS7L5FHTKLILZXOYRNCOM.jpg 1200w,https:\/\/www.infobae.com\/new-resizer\/Qh8gfE4QhRxECcW2FXlJgYeOLqE=\/1440x960\/filters:format(webp):quality(85)\/cloudfront-us-east-1.images.arcpublishing.com\/infobae\/MSEH4NS7L5FHTKLILZXOYRNCOM.jpg 1440w\" alt=\"La cancha de rugby del complejo deportivo Jean-Gaillardon - Les Salines, lugar que Argentina usa como base en Francia\" width=\"1620\" height=\"1080\" data-src=\"https:\/\/www.infobae.com\/new-resizer\/rTflaLcurhVee-Sfs8k0x7z0yBA=\/arc-anglerfish-arc2-prod-infobae\/public\/MSEH4NS7L5FHTKLILZXOYRNCOM.jpg\" \/>La cancha de rugby del complejo deportivo Jean-Gaillardon &#8211; Les Salines, lugar que Argentina usa como base en Francia<\/div>\n<p class=\"paragraph\" data-mrf-recirculation=\"Links inline\">La ubicaci\u00f3n de la base de\u00a0<i>Los Pumas<\/i>\u00a0cobra m\u00e1s sentido en las \u00faltimas dos jornadas ya que ambos partidos se jugar\u00e1n en la ciudad de\u00a0<b>Nantes<\/b>, a 75 kil\u00f3metros de distancia. La fecha 3 protagonizar\u00e1 un duelo sudamericano al estar\u00a0<b>Chile\u00a0<\/b>del otro lado,\u00a0<b>el s\u00e1bado 30 de septiembre a las 10 de la ma\u00f1ana<\/b>,<b>\u00a0<\/b>y Argentina cerrar\u00e1 el\u00a0<i>Grupo D\u00a0<\/i>contra\u00a0<b>Jap\u00f3n\u00a0<\/b>el viernes 8 de octubre a las 8. Los dos duelos ser\u00e1n albergados por el<i>\u00a0Stade de la Beaujoire<\/i>, usual casa del<b>\u00a0FC Nantes\u00a0<\/b>de la Ligue 1.<\/p>\n<div class=\"recommended-card__info\">\n<div class=\"recommended-card__info-button recommended-card__info-button--deportes\"><\/div>\n<\/div>\n<p class=\"paragraph\" data-mrf-recirculation=\"Links inline\">Cabe destacar que la zona que integran Los Pumas se cruzar\u00e1 de manera directa en cuartos de final con el Grupo C que componen\u00a0<b>Gales<\/b>,\u00a0<b>Australia<\/b>,\u00a0<b>Fiji<\/b>,\u00a0<b>Georgia\u00a0<\/b>y\u00a0<b>Portugal<\/b>. Es decir, el ganador del D ir\u00e1 contra el segundo del C y el vencedor del C chocar\u00e1 con el segundo del D. En caso de acceder al grupo de los mejores ocho del certamen, los duelos mencionados anteriormente<b>\u00a0se disputar\u00e1n el 14 y 15 de octubre nuevamente en Marsella<\/b>. En tanto, en el Grupo A jugar\u00e1n Nueva Zelanda, Francia, Italia, Uruguay y Namibia mientras que el B lo nutrir\u00e1n Sud\u00e1frica, Irlanda, Escocia, Tonga y Rumania.<\/p>\n<p class=\"paragraph\" data-mrf-recirculation=\"Links inline\">Todos los partidos de la Copa del Mundo ser\u00e1n transmitidos en Argentina a trav\u00e9s de la se\u00f1al\u00a0<i>ESPN\u00a0<\/i>y en su plataforma<i>\u00a0Star+<\/i>. Adem\u00e1s, la\u00a0<i>TV P\u00fablica\u00a0<\/i>se encargar\u00e1 de pasar los duelos de\u00a0<i>Los Pumas<\/i>\u00a0por el canal de aire.<\/p>\n<div class=\"recommended-card__info\"><span class=\"recommended-card__info-interest-you\">Te puede interesar:<\/span><span class=\"recommended-card__info-title\">Los Pumas llegaron a Francia con toda la ilusi\u00f3n mundialista<\/span><\/p>\n<div class=\"recommended-card__info-button recommended-card__info-button--deportes\"><\/div>\n<\/div>\n<p class=\"paragraph\" data-mrf-recirculation=\"Links inline\"><b>D\u00cdAS Y HORARIOS DE LOS PUMAS EN EL MUNDIAL DE RUGBY DE FRANCIA 2023<\/b><\/p>\n<p class=\"paragraph\" data-mrf-recirculation=\"Links inline\">\u2022 Fecha 1: Inglaterra vs. Argentina el s\u00e1bado 9\/9 a las 16 &#8211; Stade Velodrome (Marsella).<\/p>\n<p class=\"paragraph\" data-mrf-recirculation=\"Links inline\">\u2022 Fecha 2: Argentina vs. Samoa el viernes 22\/9 a las 12.45 &#8211; Stade Geoffroy Guichard (Saint-\u00c9tienne).<\/p>\n<p class=\"paragraph\" data-mrf-recirculation=\"Links inline\">\u2022 Fecha 3: Argentina vs. Chile el s\u00e1bado 30\/9 a las 10 &#8211; Stade de la Beaujoire (Nantes).<\/p>\n<p class=\"paragraph\" data-mrf-recirculation=\"Links inline\">\u2022 Fecha 4: Jap\u00f3n vs. Argentina el viernes 8\/10 a las 8 &#8211; Stade de la Beaujoire (Nantes).<\/p>\n<p class=\"paragraph\" data-mrf-recirculation=\"Links inline\"><i>* Hora de Argentina y televisaci\u00f3n de ESPN\/Star+<\/i><\/p>\n<p class=\"paragraph\" data-mrf-recirculation=\"Links inline\"><b>LA LISTA DE LOS PUMAS PARA LA COPA DEL MUNDO<\/b><\/p>\n<p class=\"paragraph\" data-mrf-recirculation=\"Links inline\"><b>Forwards:\u00a0<\/b>Mat\u00edas Alemanno, Eduardo Bello, Rodrigo Bruni, Agust\u00edn Creevy, Thomas Gallo, Francisco G\u00f3mez Kodela, Juan Mart\u00edn Gonz\u00e1lez, Facundo Isa, Marcos Kremer, Tom\u00e1s Lavanini, Pablo Matera, Juli\u00e1n Montoya, Guido Petti, Pedro Rubiolo, Ignacio Ruiz, Joel Sclavi y Mayco Vivas.<\/p>\n<p class=\"paragraph\" data-mrf-recirculation=\"Links inline\"><b>Backs:<\/b>\u00a0Lautaro Baz\u00e1n V\u00e9lez, Gonzalo Bertranou, Emiliano Boffelli, Mart\u00edn Bogado, Mateo Carreras, Santiago Carreras, Santiago Chocobares, Lucio Cinti, Tom\u00e1s Cubelli, Jer\u00f3nimo De la Fuente, Juan Imhoff, Rodrigo Isgro, Juan Cruz Mall\u00eda, Mat\u00edas Moroni, Nicol\u00e1s S\u00e1nchez y Joaqu\u00edn Oviedo.<\/p>\n<p class=\"paragraph\" data-mrf-recirculation=\"Links inline\"><i>* Santiago Grondona y Nahuel Tetaz Chaparro fueron bajas por lesi\u00f3n<\/i><\/p>\n","protected":false},"excerpt":{"rendered":"<p>La preparaci\u00f3n de\u00a0Los Pumas\u00a0lleg\u00f3 a su fin y el debut en el\u00a0Mundial de Francia 2023\u00a0est\u00e1 a la vuelta de la esquina. La selecci\u00f3n argentina de rugby integrar\u00e1 el\u00a0Grupo D\u00a0junto a\u00a0Inglaterra,\u00a0Samoa,\u00a0Chile\u00a0y\u00a0Jap\u00f3n\u00a0con el sue\u00f1o de meterse entre los mejores ocho del certamen y as\u00ed tener una nueva cita con la historia grande del deporte. Con el australiano\u00a0Michael [&hellip;]<\/p>\n","protected":false},"author":3,"featured_media":0,"comment_status":"open","ping_status":"open","sticky":false,"template":"","format":"standard","meta":{"_acf_changed":false,"footnotes":""},"categories":[1],"tags":[],"class_list":{"0":"post-4039","1":"post","2":"type-post","3":"status-publish","4":"format-standard","6":"category-sin-categoria"},"acf":[],"aioseo_notices":[],"_links":{"self":[{"href":"https:\/\/infosports.com.ar\/web\/wp-json\/wp\/v2\/posts\/4039","targetHints":{"allow":["GET"]}}],"collection":[{"href":"https:\/\/infosports.com.ar\/web\/wp-json\/wp\/v2\/posts"}],"about":[{"href":"https:\/\/infosports.com.ar\/web\/wp-json\/wp\/v2\/types\/post"}],"author":[{"embeddable":true,"href":"https:\/\/infosports.com.ar\/web\/wp-json\/wp\/v2\/users\/3"}],"replies":[{"embeddable":true,"href":"https:\/\/infosports.com.ar\/web\/wp-json\/wp\/v2\/comments?post=4039"}],"version-history":[{"count":1,"href":"https:\/\/infosports.com.ar\/web\/wp-json\/wp\/v2\/posts\/4039\/revisions"}],"predecessor-version":[{"id":4041,"href":"https:\/\/infosports.com.ar\/web\/wp-json\/wp\/v2\/posts\/4039\/revisions\/4041"}],"wp:attachment":[{"href":"https:\/\/infosports.com.ar\/web\/wp-json\/wp\/v2\/media?parent=4039"}],"wp:term":[{"taxonomy":"category","embeddable":true,"href":"https:\/\/infosports.com.ar\/web\/wp-json\/wp\/v2\/categories?post=4039"},{"taxonomy":"post_tag","embeddable":true,"href":"https:\/\/infosports.com.ar\/web\/wp-json\/wp\/v2\/tags?post=4039"}],"curies":[{"name":"wp","href":"https:\/\/api.w.org\/{rel}","templated":true}]}}