{"id":4072,"date":"2023-11-29T19:44:30","date_gmt":"2023-11-29T19:44:30","guid":{"rendered":"https:\/\/infosports.com.ar\/web\/?p=4072"},"modified":"2023-11-29T19:44:30","modified_gmt":"2023-11-29T19:44:30","slug":"gran-desempeno-de-los-hermanos-serra-en-el-gran-prix-mercosur","status":"publish","type":"post","link":"https:\/\/infosports.com.ar\/web\/gran-desempeno-de-los-hermanos-serra-en-el-gran-prix-mercosur\/","title":{"rendered":"Gran desempe\u00f1o de los hermanos Serra en el Gran Prix Mercosur"},"content":{"rendered":"<p>Gran desempe\u00f1o de los hermanos Serra, en el GRAN PRIX NACIONAL MERCOSUR, correspondientes al Circuito Nacional FATM (Federaci\u00f3n Argentina de Tenis de Mesa). Dicho evento se disput\u00f3 del 8 al 10 de septiembre en el Club Regatas de Resistencia Chaco.<!--more--><\/p>\n<p>Tanto Ignacio como Santiago Serra, pertenecen a la Escuela Municipal de Catriel. Ambos jugadores participaron en 3 categor\u00edas destac\u00e1ndose en sus juegos y obteniendo 2 podios, ac\u00e1 el resumen<\/p>\n<p><em><strong>IGNACIO SERRA:<\/strong><\/em><\/p>\n<p>&nbsp;<\/p>\n<p><em><strong>Categor\u00eda Sub 15:<\/strong><\/em><\/p>\n<p>Pas\u00f3 en primer lugar en su zona, llegando hasta 4tos de Final donde cay\u00f3 2 a 3 luego de ir ganando 2 a 0 y terminar en 5to Set 9 a 11, ante Juan Molina de Bs As<\/p>\n<p><em><strong>Categor\u00eda Sub 13:<\/strong><\/em><\/p>\n<p>Por su buen Ranking Nacional comenz\u00f3 en 8vos de Final, donde triunf\u00f3 3 a 0 ante Leonardo Sato de Bs As, en 4tos de Final gan\u00f3 3 a 0 frente a Thiago Benigno de Bs As.<\/p>\n<p>En semifinal triunf\u00f3 3 a 1 frente a Juan Molina de Bs As, en la Final cay\u00f3 0 a 3 frente a Alan Nakagama de Bs As con parciales (4 &#8211; 11, 6 &#8211; 11 y 9 &#8211; 11). Obteniendo la MEDALLA DE PLATA<\/p>\n<p><em><strong>Categor\u00eda Mayores:<\/strong><\/em><\/p>\n<p>Paso 2do su Zona y no le permiti\u00f3 entrar en zona Top.<\/p>\n<p>&nbsp;<\/p>\n<p><em><strong>SANTIAGO SERRA.<\/strong><\/em><\/p>\n<p><em><strong>Categor\u00eda Sub 19:<\/strong><\/em><\/p>\n<p>Paso 1ro su zona, En 8vos de Final triunfo 3 a 0 frente a Ramiro Lezcano de Bs As, en 4tos de Final cayo\u00a01 a 3 frente al paraguayo Iv\u00e1n Pastore Acosta<\/p>\n<p>&nbsp;<\/p>\n<div dir=\"auto\"><em><strong>Categor\u00eda Sub 17:<\/strong><\/em><\/div>\n<div dir=\"auto\"><\/div>\n<p>Paso 1ro su zona. En 4tos de Final triunfo 3 a 0 frente a Valent\u00edn Serrano de Santiago del Estero, en la Semifinal cay\u00f3 1a 3 frente a Santino Rossi Vera de Bs As.<\/p>\n<p>Obteniendo la merecida MEDALLA DE BRONCE.<\/p>\n<p>&nbsp;<\/p>\n<p><em><strong>Categor\u00eda Mayores:<\/strong><\/em><\/p>\n<p>Paso 3ro su Zona y no pudo acceder a la Zona Top.<\/p>\n<p>Excelente desempe\u00f1o de Ignacio y Santiago, que a pesar que no pudimos entrenar como los chicos se merecen, siempre se las ingenian para estar, pele\u00e1ndole de igual a igual a jugadores de alt\u00edsimo nivel, expres\u00f3 su Coach Cristian Pereyra.<\/p>\n<p>La pr\u00f3xima fecha del Circuito Nacional ser\u00e1 en Salta Capital del 6 al 8 de octubre del corriente a\u00f1o.<\/p>\n<p>&nbsp;<\/p>\n","protected":false},"excerpt":{"rendered":"<p>Gran desempe\u00f1o de los hermanos Serra, en el GRAN PRIX NACIONAL MERCOSUR, correspondientes al Circuito Nacional FATM (Federaci\u00f3n Argentina de Tenis de Mesa). Dicho evento se disput\u00f3 del 8 al 10 de septiembre en el Club Regatas de Resistencia Chaco.<\/p>\n","protected":false},"author":3,"featured_media":0,"comment_status":"open","ping_status":"open","sticky":false,"template":"","format":"standard","meta":{"_acf_changed":false,"footnotes":""},"categories":[1],"tags":[],"class_list":{"0":"post-4072","1":"post","2":"type-post","3":"status-publish","4":"format-standard","6":"category-sin-categoria"},"acf":[],"aioseo_notices":[],"_links":{"self":[{"href":"https:\/\/infosports.com.ar\/web\/wp-json\/wp\/v2\/posts\/4072","targetHints":{"allow":["GET"]}}],"collection":[{"href":"https:\/\/infosports.com.ar\/web\/wp-json\/wp\/v2\/posts"}],"about":[{"href":"https:\/\/infosports.com.ar\/web\/wp-json\/wp\/v2\/types\/post"}],"author":[{"embeddable":true,"href":"https:\/\/infosports.com.ar\/web\/wp-json\/wp\/v2\/users\/3"}],"replies":[{"embeddable":true,"href":"https:\/\/infosports.com.ar\/web\/wp-json\/wp\/v2\/comments?post=4072"}],"version-history":[{"count":1,"href":"https:\/\/infosports.com.ar\/web\/wp-json\/wp\/v2\/posts\/4072\/revisions"}],"predecessor-version":[{"id":4074,"href":"https:\/\/infosports.com.ar\/web\/wp-json\/wp\/v2\/posts\/4072\/revisions\/4074"}],"wp:attachment":[{"href":"https:\/\/infosports.com.ar\/web\/wp-json\/wp\/v2\/media?parent=4072"}],"wp:term":[{"taxonomy":"category","embeddable":true,"href":"https:\/\/infosports.com.ar\/web\/wp-json\/wp\/v2\/categories?post=4072"},{"taxonomy":"post_tag","embeddable":true,"href":"https:\/\/infosports.com.ar\/web\/wp-json\/wp\/v2\/tags?post=4072"}],"curies":[{"name":"wp","href":"https:\/\/api.w.org\/{rel}","templated":true}]}}