{"id":4096,"date":"2023-11-29T19:44:31","date_gmt":"2023-11-29T19:44:31","guid":{"rendered":"https:\/\/infosports.com.ar\/web\/?p=4096"},"modified":"2023-11-29T19:44:31","modified_gmt":"2023-11-29T19:44:31","slug":"juan-lezcano-se-destaco-en-el-provincial-de-tenes-de-mesa","status":"publish","type":"post","link":"https:\/\/infosports.com.ar\/web\/juan-lezcano-se-destaco-en-el-provincial-de-tenes-de-mesa\/","title":{"rendered":"Juan Lezcano se destac\u00f3 en el Provincial de Tenes de Mesa"},"content":{"rendered":"<p>Santa Rosa- Juan Lescano, perteneciente a la Escuela Municipal de Tenis de Mesa, particip\u00f3 en Santa Rosa, de la 6\u00b0 fecha del Torneo Provincial de Tenis de Mesa (ATMLP), obteniendo la medalla de bronce y cumpliendo una excelente actuaci\u00f3n.<!--more--><\/p>\n<div class=\"x11i5rnm xat24cr x1mh8g0r x1vvkbs xtlvy1s x126k92a\">\n<div dir=\"auto\">El Torneo fue puntuable para el Ranking Provincial y se disput\u00f3 en la sede de la Asociaci\u00f3n, con una muy buena cantidad de participantes.<\/div>\n<div dir=\"auto\"><\/div>\n<\/div>\n<div class=\"x11i5rnm xat24cr x1mh8g0r x1vvkbs xtlvy1s x126k92a\">\n<div dir=\"auto\">El camino para llegar al podio fue el siguiente:<\/div>\n<div dir=\"auto\"><\/div>\n<\/div>\n<div class=\"x11i5rnm xat24cr x1mh8g0r x1vvkbs xtlvy1s x126k92a\">\n<div dir=\"auto\">Paso su zona, termin\u00f3 en el 1\u00b0 lugar al superar a:<\/div>\n<div dir=\"auto\"><\/div>\n<div dir=\"auto\">3 a 0 a Rom\u00e1n Pascual (Rol\u00f3n)<\/div>\n<div dir=\"auto\">3 a 0 a Salvador Arceluz (Macach\u00edn)<\/div>\n<\/div>\n<div class=\"x11i5rnm xat24cr x1mh8g0r x1vvkbs xtlvy1s x126k92a\">\n<div dir=\"auto\">En 8vos de Final<\/div>\n<div dir=\"auto\">3 a 0 a Yaku Aguilar (Santa Rosa)<\/div>\n<\/div>\n<div class=\"x11i5rnm xat24cr x1mh8g0r x1vvkbs xtlvy1s x126k92a\">\n<div dir=\"auto\">En 4tos de Final<\/div>\n<div dir=\"auto\">3 a 0 a Mateo Bautista (Santa Rosa)<\/div>\n<\/div>\n<div class=\"x11i5rnm xat24cr x1mh8g0r x1vvkbs xtlvy1s x126k92a\">\n<div dir=\"auto\">En Semi Final perdi\u00f3 por:<\/div>\n<div dir=\"auto\">1 a 3 frente a Camilo Pe\u00f1a (Trenque Lauquen)<\/div>\n<div dir=\"auto\"><\/div>\n<\/div>\n<div class=\"x11i5rnm xat24cr x1mh8g0r x1vvkbs xtlvy1s x126k92a\">\n<div dir=\"auto\">Por el Tercer puesto se impuso por 3 a 2, luego de ir perdiendo 0 a 2 frente a su hermano Juli\u00e1n, que actualmente reside en General Pico, pero se form\u00f3 en la Escuela Municipal de 25 de Mayo.<\/div>\n<div dir=\"auto\"><\/div>\n<\/div>\n<div class=\"x11i5rnm xat24cr x1mh8g0r x1vvkbs xtlvy1s x126k92a\">\n<div dir=\"auto\">Su DT Cristian Pereyra, destac\u00f3 que Juan est\u00e1 creciendo much\u00edsimo, desde que incremento su entrenamiento, el realiza un gran esfuerzo para superarse d\u00eda a d\u00eda, ya que no s\u00f3lo entrena en 25 de Mayo, sino tambi\u00e9n lo hace en Catriel, para sumar m\u00e1s horas de pr\u00e1ctica.<\/div>\n<\/div>\n<div class=\"x11i5rnm xat24cr x1mh8g0r x1vvkbs xtlvy1s x126k92a\">\n<div dir=\"auto\">Desde un tiempo hasta esta parte, Juan se a convertido en el referente de este deporte, por los logros que a obtenido y tambi\u00e9n por el gran sacrificio que realiza, junto a su familia.<\/div>\n<div dir=\"auto\"><\/div>\n<div dir=\"auto\">Esto se vio reflejado y ratificado, ya que en la fecha N\u00b05 obtuvo medalla de plata en la Categor\u00eda 3ra, al caer en la Final 1 a 3 frente a Salvador Arceluz de Macach\u00edn y en este nuevo encuentro lo super\u00f3 por 3 a 0 al mismo jugador en zona de grupo.<\/div>\n<div dir=\"auto\"><\/div>\n<\/div>\n<div class=\"x11i5rnm xat24cr x1mh8g0r x1vvkbs xtlvy1s x126k92a\">\n<div dir=\"auto\">Hay que seguir trabajando para empezar a competir en la Temporada 2024 en el orden Nacional, destac\u00f3 su entrenador.<\/div>\n<\/div>\n","protected":false},"excerpt":{"rendered":"<p>Santa Rosa- Juan Lescano, perteneciente a la Escuela Municipal de Tenis de Mesa, particip\u00f3 en Santa Rosa, de la 6\u00b0 fecha del Torneo Provincial de Tenis de Mesa (ATMLP), obteniendo la medalla de bronce y cumpliendo una excelente actuaci\u00f3n.<\/p>\n","protected":false},"author":3,"featured_media":0,"comment_status":"open","ping_status":"open","sticky":false,"template":"","format":"standard","meta":{"_acf_changed":false,"footnotes":""},"categories":[1],"tags":[],"class_list":{"0":"post-4096","1":"post","2":"type-post","3":"status-publish","4":"format-standard","6":"category-sin-categoria"},"acf":[],"aioseo_notices":[],"_links":{"self":[{"href":"https:\/\/infosports.com.ar\/web\/wp-json\/wp\/v2\/posts\/4096","targetHints":{"allow":["GET"]}}],"collection":[{"href":"https:\/\/infosports.com.ar\/web\/wp-json\/wp\/v2\/posts"}],"about":[{"href":"https:\/\/infosports.com.ar\/web\/wp-json\/wp\/v2\/types\/post"}],"author":[{"embeddable":true,"href":"https:\/\/infosports.com.ar\/web\/wp-json\/wp\/v2\/users\/3"}],"replies":[{"embeddable":true,"href":"https:\/\/infosports.com.ar\/web\/wp-json\/wp\/v2\/comments?post=4096"}],"version-history":[{"count":1,"href":"https:\/\/infosports.com.ar\/web\/wp-json\/wp\/v2\/posts\/4096\/revisions"}],"predecessor-version":[{"id":4098,"href":"https:\/\/infosports.com.ar\/web\/wp-json\/wp\/v2\/posts\/4096\/revisions\/4098"}],"wp:attachment":[{"href":"https:\/\/infosports.com.ar\/web\/wp-json\/wp\/v2\/media?parent=4096"}],"wp:term":[{"taxonomy":"category","embeddable":true,"href":"https:\/\/infosports.com.ar\/web\/wp-json\/wp\/v2\/categories?post=4096"},{"taxonomy":"post_tag","embeddable":true,"href":"https:\/\/infosports.com.ar\/web\/wp-json\/wp\/v2\/tags?post=4096"}],"curies":[{"name":"wp","href":"https:\/\/api.w.org\/{rel}","templated":true}]}}