{"id":4109,"date":"2023-11-29T19:44:31","date_gmt":"2023-11-29T19:44:31","guid":{"rendered":"https:\/\/infosports.com.ar\/web\/?p=4109"},"modified":"2023-11-29T19:44:31","modified_gmt":"2023-11-29T19:44:31","slug":"destacada-actuacion-de-ciclistas-catrielenses-en-cordoba","status":"publish","type":"post","link":"https:\/\/infosports.com.ar\/web\/destacada-actuacion-de-ciclistas-catrielenses-en-cordoba\/","title":{"rendered":"Destacada actuaci\u00f3n de ciclistas Catrielenses en C\u00f3rdoba"},"content":{"rendered":"<p>La Falda-El pasado fin de semana la localidad de La Falda-C\u00f3rdoba, fue epicentro de lo mejor del MTB nacional, donde se destacaron Claudio Urquiza y el d\u00fao Romina L\u00f3pez\/ Lorena Lucero. (infosports.com.ar\/webweb\/ \/ FM Alas<!--more--><\/p>\n<p>Se trata del campeonato XCM de mountain Bike, donde en parejas el binomio L\u00f3pez\/Lucero lograron sortear los 120mkts de trepadas, senderos con tramos de velocidad en descenso, entre otros, para hacerse con la medalla de plata (2\u00b0 puesto), obteniendo el titulo de Sub-Campeonas por categor\u00eda y el 8\u00b0 de la general.<\/p>\n<p><a href=\"https:\/\/infosports.com.ar\/web\/wp-content\/uploads\/2023\/09\/380815895_217393214677862_4293197240145969720_n.jpg\"><img loading=\"lazy\" decoding=\"async\" class=\"alignnone size-medium wp-image-4111\" src=\"https:\/\/infosports.com.ar\/web\/wp-content\/uploads\/2023\/09\/380815895_217393214677862_4293197240145969720_n-300x169.jpg\" alt=\"\" width=\"300\" height=\"169\" \/><\/a><\/p>\n<p>Por su parte en la categor\u00eda Masculinos Elite, Claudio Urquiza obtuvo un meritorio 29\u00b0 puesto en la divisional mas fuerte, dando muestras de un gran compromiso y disciplina para darle forma a su presentaci\u00f3n.<\/p>\n","protected":false},"excerpt":{"rendered":"<p>La Falda-El pasado fin de semana la localidad de La Falda-C\u00f3rdoba, fue epicentro de lo mejor del MTB nacional, donde se destacaron Claudio Urquiza y el d\u00fao Romina L\u00f3pez\/ Lorena Lucero. (infosports.com.ar\/webweb\/ \/ FM Alas<\/p>\n","protected":false},"author":3,"featured_media":0,"comment_status":"open","ping_status":"open","sticky":false,"template":"","format":"standard","meta":{"_acf_changed":false,"footnotes":""},"categories":[1],"tags":[],"class_list":{"0":"post-4109","1":"post","2":"type-post","3":"status-publish","4":"format-standard","6":"category-sin-categoria"},"acf":[],"aioseo_notices":[],"_links":{"self":[{"href":"https:\/\/infosports.com.ar\/web\/wp-json\/wp\/v2\/posts\/4109","targetHints":{"allow":["GET"]}}],"collection":[{"href":"https:\/\/infosports.com.ar\/web\/wp-json\/wp\/v2\/posts"}],"about":[{"href":"https:\/\/infosports.com.ar\/web\/wp-json\/wp\/v2\/types\/post"}],"author":[{"embeddable":true,"href":"https:\/\/infosports.com.ar\/web\/wp-json\/wp\/v2\/users\/3"}],"replies":[{"embeddable":true,"href":"https:\/\/infosports.com.ar\/web\/wp-json\/wp\/v2\/comments?post=4109"}],"version-history":[{"count":1,"href":"https:\/\/infosports.com.ar\/web\/wp-json\/wp\/v2\/posts\/4109\/revisions"}],"predecessor-version":[{"id":4112,"href":"https:\/\/infosports.com.ar\/web\/wp-json\/wp\/v2\/posts\/4109\/revisions\/4112"}],"wp:attachment":[{"href":"https:\/\/infosports.com.ar\/web\/wp-json\/wp\/v2\/media?parent=4109"}],"wp:term":[{"taxonomy":"category","embeddable":true,"href":"https:\/\/infosports.com.ar\/web\/wp-json\/wp\/v2\/categories?post=4109"},{"taxonomy":"post_tag","embeddable":true,"href":"https:\/\/infosports.com.ar\/web\/wp-json\/wp\/v2\/tags?post=4109"}],"curies":[{"name":"wp","href":"https:\/\/api.w.org\/{rel}","templated":true}]}}