{"id":4113,"date":"2023-11-29T19:44:31","date_gmt":"2023-11-29T19:44:31","guid":{"rendered":"https:\/\/infosports.com.ar\/web\/?p=4113"},"modified":"2023-11-29T19:44:31","modified_gmt":"2023-11-29T19:44:31","slug":"ignacio-serra-convocado-por-el-cuerpo-tecnico-nacional","status":"publish","type":"post","link":"https:\/\/infosports.com.ar\/web\/ignacio-serra-convocado-por-el-cuerpo-tecnico-nacional\/","title":{"rendered":"Ignacio Serra convocado por el Cuerpo T\u00e9cnico Nacional"},"content":{"rendered":"<p>La Federaci\u00f3n Argentina de Tenis de Mesa, con la intenci\u00f3n de continuar con el Programa Potenciar y el Programa DAR (Desarrollo al Alto Rendimiento) auspiciado por el ENARD, pone nuevamente en marcha una nueva edici\u00f3n de este tipo de eventos<!--more--><\/p>\n<p>En esta ocasi\u00f3n convoca a caballeros y damas a entrenar en el CEnard Buenos Aires.<\/p>\n<p>Dicho campamento se realizar\u00e1 del 17 de septiembre al 30 de septiembre y esta destinados a jugadores de Selecci\u00f3n y pre Selecci\u00f3n Argentina de menores.<\/p>\n<p><a href=\"https:\/\/infosports.com.ar\/web\/wp-content\/uploads\/2023\/09\/IMG-20230222-WA0047-1.jpg\"><img loading=\"lazy\" decoding=\"async\" class=\"alignnone wp-image-4116 \" src=\"https:\/\/infosports.com.ar\/web\/wp-content\/uploads\/2023\/09\/IMG-20230222-WA0047-1-205x300.jpg\" alt=\"\" width=\"223\" height=\"326\" \/><\/a><\/p>\n<p>Los Atletas Convocados al Campamento son:<\/p>\n<p><strong><em>Varones<\/em><\/strong>:<\/p>\n<p>Mart\u00ednez Tobias (San Luis)<\/p>\n<p><strong>Serra Ignacio (Rio Negro)<\/strong><\/p>\n<p><strong><br \/>\n<\/strong>La V\u00eda Giuliano (San Luis)<\/p>\n<p>Bianchini Ignacio (Buenos Aires)<\/p>\n<p>Soria Tomas (Salta)<\/p>\n<p>&nbsp;<\/p>\n<p><strong><em>Damas:<\/em><\/strong><\/p>\n<p>Frias\u00a0Paz Luciana (Santiago del Estero)<\/p>\n<p>Aufiero Florencia (C\u00f3rdoba)<\/p>\n<p>Gim\u00e9nez Malena (Jujuy)<\/p>\n<p>J\u00e1ndula \u00c1mbar (Salta)<\/p>\n<p>Zamora Jazm\u00edn (Santiago del Estero)<\/p>\n<p>L\u00f3pez Auat Malena (Santiago del Estero)<\/p>\n<p>Carrizo Lena (Mendoza)<\/p>\n<p>Carrizo Zoe (Mendoza)<\/p>\n<p>Ignacio Serra actual jugador de la Escuela Municipal de Catriel, viene de realizar podio reciente en el Gran Prix de Resistencia Chaco.<\/p>\n<p>Su Coach Cristian Pereyra, resalt\u00f3 que tanto la Federaci\u00f3n Argentina de Tenis de Mesa y el ENARD, vienen trabajando muy bien y este tipo de campamento y esto permite que jugadores menores destacados puedan entrenar y sumar experiencia en el Alto Rendimiento.<\/p>\n<p>Con lo que respecta a Ignacio, tambi\u00e9n destac\u00f3 que este campamento le viene muy bien y lo encuentra en un gran nivel deportivo para el Panamericano Sub 13 que se jugar\u00e1 del 07 al 16 de octubre en Bogot\u00e1 Colombia.<\/p>\n","protected":false},"excerpt":{"rendered":"<p>La Federaci\u00f3n Argentina de Tenis de Mesa, con la intenci\u00f3n de continuar con el Programa Potenciar y el Programa DAR (Desarrollo al Alto Rendimiento) auspiciado por el ENARD, pone nuevamente en marcha una nueva edici\u00f3n de este tipo de eventos<\/p>\n","protected":false},"author":3,"featured_media":0,"comment_status":"open","ping_status":"open","sticky":false,"template":"","format":"standard","meta":{"_acf_changed":false,"footnotes":""},"categories":[1],"tags":[],"class_list":{"0":"post-4113","1":"post","2":"type-post","3":"status-publish","4":"format-standard","6":"category-sin-categoria"},"acf":[],"aioseo_notices":[],"_links":{"self":[{"href":"https:\/\/infosports.com.ar\/web\/wp-json\/wp\/v2\/posts\/4113","targetHints":{"allow":["GET"]}}],"collection":[{"href":"https:\/\/infosports.com.ar\/web\/wp-json\/wp\/v2\/posts"}],"about":[{"href":"https:\/\/infosports.com.ar\/web\/wp-json\/wp\/v2\/types\/post"}],"author":[{"embeddable":true,"href":"https:\/\/infosports.com.ar\/web\/wp-json\/wp\/v2\/users\/3"}],"replies":[{"embeddable":true,"href":"https:\/\/infosports.com.ar\/web\/wp-json\/wp\/v2\/comments?post=4113"}],"version-history":[{"count":1,"href":"https:\/\/infosports.com.ar\/web\/wp-json\/wp\/v2\/posts\/4113\/revisions"}],"predecessor-version":[{"id":4117,"href":"https:\/\/infosports.com.ar\/web\/wp-json\/wp\/v2\/posts\/4113\/revisions\/4117"}],"wp:attachment":[{"href":"https:\/\/infosports.com.ar\/web\/wp-json\/wp\/v2\/media?parent=4113"}],"wp:term":[{"taxonomy":"category","embeddable":true,"href":"https:\/\/infosports.com.ar\/web\/wp-json\/wp\/v2\/categories?post=4113"},{"taxonomy":"post_tag","embeddable":true,"href":"https:\/\/infosports.com.ar\/web\/wp-json\/wp\/v2\/tags?post=4113"}],"curies":[{"name":"wp","href":"https:\/\/api.w.org\/{rel}","templated":true}]}}