{"id":4128,"date":"2023-11-29T19:44:31","date_gmt":"2023-11-29T19:44:31","guid":{"rendered":"https:\/\/infosports.com.ar\/web\/?p=4128"},"modified":"2023-11-29T19:44:31","modified_gmt":"2023-11-29T19:44:31","slug":"el-crc-listo-para-un-sabado-de-actividad-en-hockey-y-rugby","status":"publish","type":"post","link":"https:\/\/infosports.com.ar\/web\/el-crc-listo-para-un-sabado-de-actividad-en-hockey-y-rugby\/","title":{"rendered":"El CRC listo para un s\u00e1bado de actividad en Hockey y Rugby"},"content":{"rendered":"<p>El pr\u00f3ximo s\u00e1bado 23 del corrientes mes el Catriel Rugby Club abre acci\u00f3n con rugby de local en 3 categor\u00edas, mientras que en Hockey un solo encuentro como visitantes.<!--more--><\/p>\n<p>En la actividad de la ovalada, por la 2\u00b0 fecha de la Copa Carlos Islas, iniciar\u00e1 la actividad plena de local enfrentando a Patos RC, en primera instancia a las 13hs ser\u00e1 el turno de la categor\u00eda M1, luego a las 14:30hs brindar\u00e1n juego en M2, por ultimo cerrando la tarde el Plantel Superior tendr\u00e1 su punto fuerte desde las 16hs.<\/p>\n<p>En tanto la actividad del Hockey, esta vez solo mostrar\u00e1 como representante Catrielense la categor\u00eda 1\u00b0 Damas, visitando a CAI \u201cB\u201d en cancha de Independiente<\/p>\n","protected":false},"excerpt":{"rendered":"<p>El pr\u00f3ximo s\u00e1bado 23 del corrientes mes el Catriel Rugby Club abre acci\u00f3n con rugby de local en 3 categor\u00edas, mientras que en Hockey un solo encuentro como visitantes.<\/p>\n","protected":false},"author":3,"featured_media":0,"comment_status":"open","ping_status":"open","sticky":false,"template":"","format":"standard","meta":{"_acf_changed":false,"footnotes":""},"categories":[1],"tags":[],"class_list":{"0":"post-4128","1":"post","2":"type-post","3":"status-publish","4":"format-standard","6":"category-sin-categoria"},"acf":[],"aioseo_notices":[],"_links":{"self":[{"href":"https:\/\/infosports.com.ar\/web\/wp-json\/wp\/v2\/posts\/4128","targetHints":{"allow":["GET"]}}],"collection":[{"href":"https:\/\/infosports.com.ar\/web\/wp-json\/wp\/v2\/posts"}],"about":[{"href":"https:\/\/infosports.com.ar\/web\/wp-json\/wp\/v2\/types\/post"}],"author":[{"embeddable":true,"href":"https:\/\/infosports.com.ar\/web\/wp-json\/wp\/v2\/users\/3"}],"replies":[{"embeddable":true,"href":"https:\/\/infosports.com.ar\/web\/wp-json\/wp\/v2\/comments?post=4128"}],"version-history":[{"count":1,"href":"https:\/\/infosports.com.ar\/web\/wp-json\/wp\/v2\/posts\/4128\/revisions"}],"predecessor-version":[{"id":4130,"href":"https:\/\/infosports.com.ar\/web\/wp-json\/wp\/v2\/posts\/4128\/revisions\/4130"}],"wp:attachment":[{"href":"https:\/\/infosports.com.ar\/web\/wp-json\/wp\/v2\/media?parent=4128"}],"wp:term":[{"taxonomy":"category","embeddable":true,"href":"https:\/\/infosports.com.ar\/web\/wp-json\/wp\/v2\/categories?post=4128"},{"taxonomy":"post_tag","embeddable":true,"href":"https:\/\/infosports.com.ar\/web\/wp-json\/wp\/v2\/tags?post=4128"}],"curies":[{"name":"wp","href":"https:\/\/api.w.org\/{rel}","templated":true}]}}