{"id":4150,"date":"2023-11-29T19:44:32","date_gmt":"2023-11-29T19:44:32","guid":{"rendered":"https:\/\/infosports.com.ar\/web\/?p=4150"},"modified":"2023-11-29T19:44:32","modified_gmt":"2023-11-29T19:44:32","slug":"25-de-mayo-sede-de-un-nuevo-encuentro-de-basquet","status":"publish","type":"post","link":"https:\/\/infosports.com.ar\/web\/25-de-mayo-sede-de-un-nuevo-encuentro-de-basquet\/","title":{"rendered":"25 de Mayo sede de un nuevo encuentro de B\u00e1squet"},"content":{"rendered":"<p>Este pasado domingo, se desarroll\u00f3 un encuentro amistoso de b\u00e1squet, el mismo se realiz\u00f3 en el Polideportivo Municipal de 25 de Mayo.<!--more--><\/p>\n<p>All\u00ed se enfrentaron el local y la Escuela Municipal de Catriel.<\/p>\n<p>Fue una muy productiva jornada, con el acompa\u00f1amiento de padres y p\u00fablico en general.<\/p>\n<p>Las categor\u00edas que compitieron fueron: U13- U15 y U17.<\/p>\n<p><a href=\"https:\/\/infosports.com.ar\/web\/wp-content\/uploads\/2023\/09\/382972886_696656309169406_2730750083924830989_n.jpg\"><img loading=\"lazy\" decoding=\"async\" class=\"alignnone size-medium wp-image-4152\" src=\"https:\/\/infosports.com.ar\/web\/wp-content\/uploads\/2023\/09\/382972886_696656309169406_2730750083924830989_n-300x216.jpg\" alt=\"\" width=\"300\" height=\"216\" \/><\/a><\/p>\n","protected":false},"excerpt":{"rendered":"<p>Este pasado domingo, se desarroll\u00f3 un encuentro amistoso de b\u00e1squet, el mismo se realiz\u00f3 en el Polideportivo Municipal de 25 de Mayo.<\/p>\n","protected":false},"author":3,"featured_media":0,"comment_status":"open","ping_status":"open","sticky":false,"template":"","format":"standard","meta":{"_acf_changed":false,"footnotes":""},"categories":[1],"tags":[],"class_list":{"0":"post-4150","1":"post","2":"type-post","3":"status-publish","4":"format-standard","6":"category-sin-categoria"},"acf":[],"aioseo_notices":[],"_links":{"self":[{"href":"https:\/\/infosports.com.ar\/web\/wp-json\/wp\/v2\/posts\/4150","targetHints":{"allow":["GET"]}}],"collection":[{"href":"https:\/\/infosports.com.ar\/web\/wp-json\/wp\/v2\/posts"}],"about":[{"href":"https:\/\/infosports.com.ar\/web\/wp-json\/wp\/v2\/types\/post"}],"author":[{"embeddable":true,"href":"https:\/\/infosports.com.ar\/web\/wp-json\/wp\/v2\/users\/3"}],"replies":[{"embeddable":true,"href":"https:\/\/infosports.com.ar\/web\/wp-json\/wp\/v2\/comments?post=4150"}],"version-history":[{"count":1,"href":"https:\/\/infosports.com.ar\/web\/wp-json\/wp\/v2\/posts\/4150\/revisions"}],"predecessor-version":[{"id":4153,"href":"https:\/\/infosports.com.ar\/web\/wp-json\/wp\/v2\/posts\/4150\/revisions\/4153"}],"wp:attachment":[{"href":"https:\/\/infosports.com.ar\/web\/wp-json\/wp\/v2\/media?parent=4150"}],"wp:term":[{"taxonomy":"category","embeddable":true,"href":"https:\/\/infosports.com.ar\/web\/wp-json\/wp\/v2\/categories?post=4150"},{"taxonomy":"post_tag","embeddable":true,"href":"https:\/\/infosports.com.ar\/web\/wp-json\/wp\/v2\/tags?post=4150"}],"curies":[{"name":"wp","href":"https:\/\/api.w.org\/{rel}","templated":true}]}}