{"id":4155,"date":"2023-11-29T19:44:32","date_gmt":"2023-11-29T19:44:32","guid":{"rendered":"https:\/\/infosports.com.ar\/web\/?p=4155"},"modified":"2023-11-29T19:44:32","modified_gmt":"2023-11-29T19:44:32","slug":"la-delegacion-deportiva-veinticinquena-rumbo-a-los-juegos-evita-2023","status":"publish","type":"post","link":"https:\/\/infosports.com.ar\/web\/la-delegacion-deportiva-veinticinquena-rumbo-a-los-juegos-evita-2023\/","title":{"rendered":"La Delegaci\u00f3n Deportiva veinticinque\u00f1a rumbo a los Juegos Evita 2023"},"content":{"rendered":"<div class=\"xdj266r x11i5rnm xat24cr x1mh8g0r x1vvkbs x126k92a\">\n<div dir=\"auto\">25 de Mayo-Parti\u00f3 en el d\u00eda de ayer, la delegaci\u00f3n veinticinque\u00f1a, que representar\u00e1 a La Pampa, en una nueva edici\u00f3n de los Juegos Nacionales Evita.<\/div>\n<\/div>\n<p><!--more--><\/p>\n<div class=\"x11i5rnm xat24cr x1mh8g0r x1vvkbs xtlvy1s x126k92a\">\n<div dir=\"auto\">Estamos hablando del futbol femenino 11, el equipo que conduce Ada Cerna, el tenis de mesa, con Valentino Campi y Gaia Saso, y el ciclismo, con Lautaro Molina y Joaqu\u00edn Fern\u00e1ndez, junto a su entrenador Jes\u00fas Bast\u00edas.<\/div>\n<div dir=\"auto\">A cargo del contingente, que ya se encuentra en Mar del Plata, se encuentra el Director de Deportes, Facundo Armani.<\/div>\n<\/div>\n","protected":false},"excerpt":{"rendered":"<p>25 de Mayo-Parti\u00f3 en el d\u00eda de ayer, la delegaci\u00f3n veinticinque\u00f1a, que representar\u00e1 a La Pampa, en una nueva edici\u00f3n de los Juegos Nacionales Evita.<\/p>\n","protected":false},"author":3,"featured_media":0,"comment_status":"open","ping_status":"open","sticky":false,"template":"","format":"standard","meta":{"_acf_changed":false,"footnotes":""},"categories":[1],"tags":[],"class_list":{"0":"post-4155","1":"post","2":"type-post","3":"status-publish","4":"format-standard","6":"category-sin-categoria"},"acf":[],"aioseo_notices":[],"_links":{"self":[{"href":"https:\/\/infosports.com.ar\/web\/wp-json\/wp\/v2\/posts\/4155","targetHints":{"allow":["GET"]}}],"collection":[{"href":"https:\/\/infosports.com.ar\/web\/wp-json\/wp\/v2\/posts"}],"about":[{"href":"https:\/\/infosports.com.ar\/web\/wp-json\/wp\/v2\/types\/post"}],"author":[{"embeddable":true,"href":"https:\/\/infosports.com.ar\/web\/wp-json\/wp\/v2\/users\/3"}],"replies":[{"embeddable":true,"href":"https:\/\/infosports.com.ar\/web\/wp-json\/wp\/v2\/comments?post=4155"}],"version-history":[{"count":1,"href":"https:\/\/infosports.com.ar\/web\/wp-json\/wp\/v2\/posts\/4155\/revisions"}],"predecessor-version":[{"id":4157,"href":"https:\/\/infosports.com.ar\/web\/wp-json\/wp\/v2\/posts\/4155\/revisions\/4157"}],"wp:attachment":[{"href":"https:\/\/infosports.com.ar\/web\/wp-json\/wp\/v2\/media?parent=4155"}],"wp:term":[{"taxonomy":"category","embeddable":true,"href":"https:\/\/infosports.com.ar\/web\/wp-json\/wp\/v2\/categories?post=4155"},{"taxonomy":"post_tag","embeddable":true,"href":"https:\/\/infosports.com.ar\/web\/wp-json\/wp\/v2\/tags?post=4155"}],"curies":[{"name":"wp","href":"https:\/\/api.w.org\/{rel}","templated":true}]}}