{"id":4162,"date":"2023-11-29T19:44:32","date_gmt":"2023-11-29T19:44:32","guid":{"rendered":"https:\/\/infosports.com.ar\/web\/?p=4162"},"modified":"2023-11-29T19:44:32","modified_gmt":"2023-11-29T19:44:32","slug":"la-armada-catrielense-metio-podios-en-las-vueltas-a-la-banderas-mtb","status":"publish","type":"post","link":"https:\/\/infosports.com.ar\/web\/la-armada-catrielense-metio-podios-en-las-vueltas-a-la-banderas-mtb\/","title":{"rendered":"La armada Catrielense meti\u00f3 podios en &#8220;Las Vueltas a la Banderas-MTB&#8221;"},"content":{"rendered":"<p>Allen-La nueva edici\u00f3n de la Vuelta a La Bandera \u2013MTB tuvo destacada presencia y podios Catrielenses. Mientras que los regionales Dorhmann y Pe\u00f1a fueron los ganadores de punta a punta en la rama masculina y femenina. (infosports.com.ar\/webweb\/)<!--more--><\/p>\n<p>El evento cumpli\u00f3 con la esperada edici\u00f3n 2023 para los amantes del Mountain Bike, donde Catriel tuvo como de costumbre destacadas actuaciones, llev\u00e1ndose podios en distintas categor\u00edas tras sortear los 50k de competencia<\/p>\n<p>La concentraci\u00f3n y largada se realiz\u00f3 frente a los estudios de radio L\u00edder, sobre calle Avellaneda, en el B\u00b0 Norte. El colorido pelot\u00f3n se acomod\u00f3 sobre el asfalto y a las\u00a0<strong>11.07 hs se activ\u00f3 la primera manga de competencia<\/strong>. Los participantes de 50 kms comenzaron a rodar y los Promocionales aguardaron 10 minutos bajo el arco. Con la orden del cronometraje, dieron sus primeros pasos rumbo a la barda.<\/p>\n<p><strong>Resultados (Catriel)<\/strong><\/p>\n<p>Luis Reina: 8vo puesto<\/p>\n<p>Romina L\u00f3pez: 1er puesto Damas A<\/p>\n<p>Lorena Lucero: 4to puesto Damas B<\/p>\n<p>Claudio Urquiza: 3ro puesto<\/p>\n<p>Mat\u00edas Goinex: 3er puesto Caballeros A<\/p>\n<p>Alan\u00eds Brian: 5to categor\u00eda<\/p>\n","protected":false},"excerpt":{"rendered":"<p>Allen-La nueva edici\u00f3n de la Vuelta a La Bandera \u2013MTB tuvo destacada presencia y podios Catrielenses. Mientras que los regionales Dorhmann y Pe\u00f1a fueron los ganadores de punta a punta en la rama masculina y femenina. (infosports.com.ar\/webweb\/)<\/p>\n","protected":false},"author":3,"featured_media":0,"comment_status":"open","ping_status":"open","sticky":false,"template":"","format":"standard","meta":{"_acf_changed":false,"footnotes":""},"categories":[1],"tags":[],"class_list":{"0":"post-4162","1":"post","2":"type-post","3":"status-publish","4":"format-standard","6":"category-sin-categoria"},"acf":[],"aioseo_notices":[],"_links":{"self":[{"href":"https:\/\/infosports.com.ar\/web\/wp-json\/wp\/v2\/posts\/4162","targetHints":{"allow":["GET"]}}],"collection":[{"href":"https:\/\/infosports.com.ar\/web\/wp-json\/wp\/v2\/posts"}],"about":[{"href":"https:\/\/infosports.com.ar\/web\/wp-json\/wp\/v2\/types\/post"}],"author":[{"embeddable":true,"href":"https:\/\/infosports.com.ar\/web\/wp-json\/wp\/v2\/users\/3"}],"replies":[{"embeddable":true,"href":"https:\/\/infosports.com.ar\/web\/wp-json\/wp\/v2\/comments?post=4162"}],"version-history":[{"count":1,"href":"https:\/\/infosports.com.ar\/web\/wp-json\/wp\/v2\/posts\/4162\/revisions"}],"predecessor-version":[{"id":4164,"href":"https:\/\/infosports.com.ar\/web\/wp-json\/wp\/v2\/posts\/4162\/revisions\/4164"}],"wp:attachment":[{"href":"https:\/\/infosports.com.ar\/web\/wp-json\/wp\/v2\/media?parent=4162"}],"wp:term":[{"taxonomy":"category","embeddable":true,"href":"https:\/\/infosports.com.ar\/web\/wp-json\/wp\/v2\/categories?post=4162"},{"taxonomy":"post_tag","embeddable":true,"href":"https:\/\/infosports.com.ar\/web\/wp-json\/wp\/v2\/tags?post=4162"}],"curies":[{"name":"wp","href":"https:\/\/api.w.org\/{rel}","templated":true}]}}