{"id":4179,"date":"2023-11-29T19:44:32","date_gmt":"2023-11-29T19:44:32","guid":{"rendered":"https:\/\/infosports.com.ar\/web\/?p=4179"},"modified":"2023-11-29T19:44:32","modified_gmt":"2023-11-29T19:44:32","slug":"ignacio-serra-sumo-experiencia-en-el-cenard-y-piensa-en-el-panamericano","status":"publish","type":"post","link":"https:\/\/infosports.com.ar\/web\/ignacio-serra-sumo-experiencia-en-el-cenard-y-piensa-en-el-panamericano\/","title":{"rendered":"Ignacio Serra sum\u00f3 experiencia en el CeNARD y piensa en el Panamericano"},"content":{"rendered":"<div dir=\"auto\">\n<div dir=\"auto\">La Federaci\u00f3n Argentina de Tenis de Mesa, con la intenci\u00f3n de continuar con el Programa Potenciar y el Programa DAR (Desarrollo al Alto Rendimiento) auspiciado por el ENARD, realiz\u00f3 en el CEnard Buenos Aires el campamento de potenciar talentos, donde participo Ignacio.<\/div>\n<\/div>\n<p><!--more--><\/p>\n<div dir=\"auto\"><\/div>\n<div dir=\"auto\">Dicho campamento se realiz\u00f3 del 17 de septiembre al 30 de septiembre y fue destinados a jugadores de Selecci\u00f3n y pre Selecci\u00f3n Argentina de menores.<\/div>\n<div dir=\"auto\">\n<div dir=\"auto\"><\/div>\n<div dir=\"auto\">Este tipo de entrenamientos, en doble turno y con preparaci\u00f3n f\u00edsica, son fundamentales para profundizar la preparaci\u00f3n y el crecimiento de los deportistas y poder realizar un seguimiento continuo de los aspectos t\u00e9cnicos &#8211; t\u00e1cticos.<\/div>\n<\/div>\n<p>&nbsp;<\/p>\n<p>El viernes 6 de octubre nuevamente Ignacio viajara hacia Bs As, para incorporarse a la Selecci\u00f3n Argentina de menores y viajar el 7 de octubre hacia Mosquera Colombia para participar con la Celeste y Blanca en el Panamericano U 13 a realizarse del 9 al 15 de octubre en el Gimnasio denominado El Nuevo Coliseo Municipal de Mosquera.<\/p>\n<p>El Coach Cristian Pereyra destac\u00f3 que Ignacio se encuentra en un momento \u00fanico y con un gran nivel de Juego, donde se ha potenciado en el campamento del CEnard, esta \u00faltima semana trataremos de afinar conceptos de juego, para que llegue en \u00f3ptimas condiciones a Colombia.<\/p>\n<p>No tengo dudas que Ignacio va a realizar junto a la Selecci\u00f3n Argentina un gran papel, ya que tenemos un gran equipo.<\/p>\n<p>Se disputar\u00e1n diferentes modalidades, donde Ignacio estar\u00e1 presente: Individual, Equipo, Doble y Doble Mixto.<\/p>\n<p>Nacho\u00a0 a adquirido un gran crecimiento pese a su corta edad, que lo ubica entre los mejores jugares Sudamericano y seguramente lo ratificar\u00e1 en este Panamericano resalt\u00f3 Cristian.<\/p>\n","protected":false},"excerpt":{"rendered":"<p>La Federaci\u00f3n Argentina de Tenis de Mesa, con la intenci\u00f3n de continuar con el Programa Potenciar y el Programa DAR (Desarrollo al Alto Rendimiento) auspiciado por el ENARD, realiz\u00f3 en el CEnard Buenos Aires el campamento de potenciar talentos, donde participo Ignacio.<\/p>\n","protected":false},"author":3,"featured_media":0,"comment_status":"open","ping_status":"open","sticky":false,"template":"","format":"standard","meta":{"_acf_changed":false,"footnotes":""},"categories":[1],"tags":[],"class_list":{"0":"post-4179","1":"post","2":"type-post","3":"status-publish","4":"format-standard","6":"category-sin-categoria"},"acf":[],"aioseo_notices":[],"_links":{"self":[{"href":"https:\/\/infosports.com.ar\/web\/wp-json\/wp\/v2\/posts\/4179","targetHints":{"allow":["GET"]}}],"collection":[{"href":"https:\/\/infosports.com.ar\/web\/wp-json\/wp\/v2\/posts"}],"about":[{"href":"https:\/\/infosports.com.ar\/web\/wp-json\/wp\/v2\/types\/post"}],"author":[{"embeddable":true,"href":"https:\/\/infosports.com.ar\/web\/wp-json\/wp\/v2\/users\/3"}],"replies":[{"embeddable":true,"href":"https:\/\/infosports.com.ar\/web\/wp-json\/wp\/v2\/comments?post=4179"}],"version-history":[{"count":1,"href":"https:\/\/infosports.com.ar\/web\/wp-json\/wp\/v2\/posts\/4179\/revisions"}],"predecessor-version":[{"id":4181,"href":"https:\/\/infosports.com.ar\/web\/wp-json\/wp\/v2\/posts\/4179\/revisions\/4181"}],"wp:attachment":[{"href":"https:\/\/infosports.com.ar\/web\/wp-json\/wp\/v2\/media?parent=4179"}],"wp:term":[{"taxonomy":"category","embeddable":true,"href":"https:\/\/infosports.com.ar\/web\/wp-json\/wp\/v2\/categories?post=4179"},{"taxonomy":"post_tag","embeddable":true,"href":"https:\/\/infosports.com.ar\/web\/wp-json\/wp\/v2\/tags?post=4179"}],"curies":[{"name":"wp","href":"https:\/\/api.w.org\/{rel}","templated":true}]}}