{"id":4194,"date":"2023-11-29T19:44:33","date_gmt":"2023-11-29T19:44:33","guid":{"rendered":"https:\/\/infosports.com.ar\/web\/?p=4194"},"modified":"2023-11-29T19:44:33","modified_gmt":"2023-11-29T19:44:33","slug":"confirmado-el-rally-ciudad-de-catriel-es-un-hecho","status":"publish","type":"post","link":"https:\/\/infosports.com.ar\/web\/confirmado-el-rally-ciudad-de-catriel-es-un-hecho\/","title":{"rendered":"Confirmado el &#8220;Rally Ciudad de Catriel&#8221; es un hecho"},"content":{"rendered":"<p>El rally Ciudad de Catriel es un hecho, el presidente de la Asociaci\u00f3n de Volantes de General Roca; Jorge \u201cGoyo\u201d Mart\u00ednez confirm\u00f3 en exclusiva en radio Alas FM las fechas 27-28 y 29 de octubre como ante \u00faltima prueba del 2023 para el regional de la especialidad.<!--more--><\/p>\n<p>El regional de rally que hist\u00f3ricamente tuvo su fecha anual en Catriel y luego por a\u00f1os desapareci\u00f3 del Calendario, ahora ver\u00e1 acci\u00f3n tras m\u00faltiple esfuerzos para que el rugir de motores sea un hecho sobre todo a un p\u00fablico fierrero tan caracter\u00edstico como lo ha sido el de la ciudad patag\u00f3nica.<\/p>\n<p>Jorge \u201cGoyo\u201d Martinez en FM Alas\/ infosports.com.ar\/webweb\/<\/p>\n<p>\u201cDespu\u00e9s \u00a0de muchos a\u00f1os el rally regional regresa a la comarca petrolera como Catriel esto es gracias al Municipio de Catriel, la organizaci\u00f3n local de pilotos como lo es ADAC y el acompa\u00f1amiento entiendo de empresas y la idea de la familia Debasa y el esfuerzo que hacen, podemos confirmar que regresa despu\u00e9s de muchos a\u00f1os el rally a la ciudad de Catriel\u201d<\/p>\n<p>\u201cEntendemos que es dif\u00edcil la situaci\u00f3n econ\u00f3mica que se vive, nadie escapa, hoy nosotros para organizar una carrera necesitamos solventar costos alt\u00edsimos, pero esto a su vez tiene la otra parte que es la llegada de pilotos, navegantes, familias, equipos que se hospedan en la localidad, consumen gastronom\u00eda etc\u201d<\/p>\n<p>\u201cl\u00f3gicamente para los equipos competir tambi\u00e9n reviste de un esfuerzo econ\u00f3mico alt\u00edsimo, el esfuerzo que hacen para competir es importante, a\u00fan as\u00ed el parque competitivo oscila entre 50-60 autos, a excepci\u00f3n de fechas especiales como la Vuelta de la Manzana y otros que superan los 75-80 autos a competir\u201d<\/p>\n<p>&nbsp;<\/p>\n<p>Cabe destacar que en la actual temporada el \u00fanico piloto que participa es Mauro Debasa, quien lidera en la N2 y viene de quedarse con el t\u00edtulo en la temporada 2022. En tanto como ha sucedido en ediciones pasadas varios ex pilotos locales y de 25 de Mayo suelen sumarse en diferentes categor\u00edas, por lo que se espera que el retorno al calendario del rally con sede en Catriel no sea la excepci\u00f3n y sean varios hist\u00f3ricos los que se sumen<\/p>\n<p>COMUNICADO DE PRENSA La Asociaci\u00f3n Volantes de General Roca y la Federaci\u00f3n Regional 11 del Automovilismo Deportivo informan, que los d\u00edas 27, 28 y 29 de Octubre se disputara el \u201cRally Ciudad de Catriel\u201d, correspondiente a la 7ma. fecha del Campeonato Regional de Rally FRAD 11 \u2013 2023 , organizado por Asociaci\u00f3n Deportiva Automovil\u00edstica Catriel ( ADAC) y la Municipalidad de Catriel . El d\u00eda lunes 16 de Octubre se abrir\u00e1n las inscripciones y el d\u00eda mi\u00e9rcoles 25 de Octubre cerrara el registro de las mismas. En los pr\u00f3ximos d\u00edas se informara sobre el recorrido y horarios de la competencia. General Roca 3 de Octubre de 2023.- Ra\u00fal GINOBILE Jorge \u201cGoyo\u201d MARTINEZ PRESIDENTE FRAD 11 PRESIDENTE A.V.G.R.<\/p>\n","protected":false},"excerpt":{"rendered":"<p>El rally Ciudad de Catriel es un hecho, el presidente de la Asociaci\u00f3n de Volantes de General Roca; Jorge \u201cGoyo\u201d Mart\u00ednez confirm\u00f3 en exclusiva en radio Alas FM las fechas 27-28 y 29 de octubre como ante \u00faltima prueba del 2023 para el regional de la especialidad.<\/p>\n","protected":false},"author":3,"featured_media":0,"comment_status":"open","ping_status":"open","sticky":false,"template":"","format":"standard","meta":{"_acf_changed":false,"footnotes":""},"categories":[1],"tags":[],"class_list":{"0":"post-4194","1":"post","2":"type-post","3":"status-publish","4":"format-standard","6":"category-sin-categoria"},"acf":[],"aioseo_notices":[],"_links":{"self":[{"href":"https:\/\/infosports.com.ar\/web\/wp-json\/wp\/v2\/posts\/4194","targetHints":{"allow":["GET"]}}],"collection":[{"href":"https:\/\/infosports.com.ar\/web\/wp-json\/wp\/v2\/posts"}],"about":[{"href":"https:\/\/infosports.com.ar\/web\/wp-json\/wp\/v2\/types\/post"}],"author":[{"embeddable":true,"href":"https:\/\/infosports.com.ar\/web\/wp-json\/wp\/v2\/users\/3"}],"replies":[{"embeddable":true,"href":"https:\/\/infosports.com.ar\/web\/wp-json\/wp\/v2\/comments?post=4194"}],"version-history":[{"count":2,"href":"https:\/\/infosports.com.ar\/web\/wp-json\/wp\/v2\/posts\/4194\/revisions"}],"predecessor-version":[{"id":4201,"href":"https:\/\/infosports.com.ar\/web\/wp-json\/wp\/v2\/posts\/4194\/revisions\/4201"}],"wp:attachment":[{"href":"https:\/\/infosports.com.ar\/web\/wp-json\/wp\/v2\/media?parent=4194"}],"wp:term":[{"taxonomy":"category","embeddable":true,"href":"https:\/\/infosports.com.ar\/web\/wp-json\/wp\/v2\/categories?post=4194"},{"taxonomy":"post_tag","embeddable":true,"href":"https:\/\/infosports.com.ar\/web\/wp-json\/wp\/v2\/tags?post=4194"}],"curies":[{"name":"wp","href":"https:\/\/api.w.org\/{rel}","templated":true}]}}