{"id":4206,"date":"2023-11-29T19:44:33","date_gmt":"2023-11-29T19:44:33","guid":{"rendered":"https:\/\/infosports.com.ar\/web\/?p=4206"},"modified":"2023-11-29T19:44:33","modified_gmt":"2023-11-29T19:44:33","slug":"scaloni-dio-la-lista-de-la-seleccion-con-sorpresas-y-una-ausencia-importante","status":"publish","type":"post","link":"https:\/\/infosports.com.ar\/web\/scaloni-dio-la-lista-de-la-seleccion-con-sorpresas-y-una-ausencia-importante\/","title":{"rendered":"Scaloni dio la lista de la selecci\u00f3n con sorpresas y una ausencia importante"},"content":{"rendered":"<section class=\"body-content\" data-twitter-link=\"https:\/\/twitter.com\/intent\/tweet?url=https:\/\/www.lmneuquen.com\/c1062215&amp;v\u00eda=lmneuquen&amp;related=LM Neuquen&amp;text=\" data-td-script-src=\"https:\/\/www.lmneuquen.com\/js-custom\/195\/v2\/jquery-3.6.0.min-min-version-1696565218.js,https:\/\/www.lmneuquen.com\/js-custom\/195\/v2\/functions\/function-embeds-min-version-1696565218.js\"><strong>Lionel Scaloni<\/strong>\u00a0volvi\u00f3 a sorprender como ya es habitual. Las citaciones para la selecci\u00f3n mayor suelen tener alguna sorpresa o apuesta que apunta a seguir renovando el equipo y continuar creciendo, m\u00e1s all\u00e1 de tratarse del combinado nacional campe\u00f3n de Am\u00e9rica y el mundo. El entrenador inform\u00f3 este jueves la n\u00f3mina para afrontar los partidos de la semana que viene por\u00a0<strong>Eliminatorias<\/strong>\u00a0rumbo al Mundial 2026.<\/p>\n<\/section>\n<p><!--more--><\/p>\n<section class=\"body-content\" data-twitter-link=\"https:\/\/twitter.com\/intent\/tweet?url=https:\/\/www.lmneuquen.com\/c1062215&amp;v\u00eda=lmneuquen&amp;related=LM Neuquen&amp;text=\" data-td-script-src=\"https:\/\/www.lmneuquen.com\/js-custom\/195\/v2\/jquery-3.6.0.min-min-version-1696565218.js,https:\/\/www.lmneuquen.com\/js-custom\/195\/v2\/functions\/function-embeds-min-version-1696565218.js\">El gran ausente de la lista es\u00a0<strong>\u00c1ngel Di Mar\u00eda,\u00a0<\/strong>que sufri\u00f3 una lesi\u00f3n en el partido del martes donde Benfica cay\u00f3 ante Inter de Italia. Fideo recibi\u00f3 una dura entrada de\u00a0<strong>Hakan \u00c7alhanolu,\u00a0<\/strong>volante turco que juega en el equipo de\u00a0<strong>Lautaro Mart\u00ednez.<\/strong><\/p>\n<\/section>\n<section class=\"body-content\" data-twitter-link=\"https:\/\/twitter.com\/intent\/tweet?url=https:\/\/www.lmneuquen.com\/c1062215&amp;v\u00eda=lmneuquen&amp;related=LM Neuquen&amp;text=\" data-td-script-src=\"https:\/\/www.lmneuquen.com\/js-custom\/195\/v2\/jquery-3.6.0.min-min-version-1696565218.js,https:\/\/www.lmneuquen.com\/js-custom\/195\/v2\/functions\/function-embeds-min-version-1696565218.js\">Su amigo,\u00a0<strong>Lionel Messi,\u00a0<\/strong>s\u00ed est\u00e1 en la convocatoria m\u00e1s all\u00e1 de que no viene jugando, tambi\u00e9n por problemas f\u00edsicos, en su equipo Inter Miami.<\/p>\n<\/section>\n<section class=\"body-content\" data-twitter-link=\"https:\/\/twitter.com\/intent\/tweet?url=https:\/\/www.lmneuquen.com\/c1062215&amp;v\u00eda=lmneuquen&amp;related=LM Neuquen&amp;text=\" data-td-script-src=\"https:\/\/www.lmneuquen.com\/js-custom\/195\/v2\/jquery-3.6.0.min-min-version-1696565218.js,https:\/\/www.lmneuquen.com\/js-custom\/195\/v2\/functions\/function-embeds-min-version-1696565218.js\">\n<div id=\"embed53_wrap\" class=\"embed_cont type_freetext\" contenteditable=\"false\">\n<div id=\"embed53_content\" class=\"embed_content\">\n<div id=\"embed53_embed\">\n<div class=\"twitter-tweet twitter-tweet-rendered\"><iframe id=\"twitter-widget-0\" class=\"\" title=\"Twitter Tweet\" src=\"https:\/\/platform.twitter.com\/embed\/Tweet.html?creatorScreenName=LMNeuquen&amp;dnt=false&amp;embedId=twitter-widget-0&amp;features=eyJ0ZndfdGltZWxpbmVfbGlzdCI6eyJidWNrZXQiOltdLCJ2ZXJzaW9uIjpudWxsfSwidGZ3X2ZvbGxvd2VyX2NvdW50X3N1bnNldCI6eyJidWNrZXQiOnRydWUsInZlcnNpb24iOm51bGx9LCJ0ZndfdHdlZXRfZWRpdF9iYWNrZW5kIjp7ImJ1Y2tldCI6Im9uIiwidmVyc2lvbiI6bnVsbH0sInRmd19yZWZzcmNfc2Vzc2lvbiI6eyJidWNrZXQiOiJvbiIsInZlcnNpb24iOm51bGx9LCJ0ZndfZm9zbnJfc29mdF9pbnRlcnZlbnRpb25zX2VuYWJsZWQiOnsiYnVja2V0Ijoib24iLCJ2ZXJzaW9uIjpudWxsfSwidGZ3X21peGVkX21lZGlhXzE1ODk3Ijp7ImJ1Y2tldCI6InRyZWF0bWVudCIsInZlcnNpb24iOm51bGx9LCJ0ZndfZXhwZXJpbWVudHNfY29va2llX2V4cGlyYXRpb24iOnsiYnVja2V0IjoxMjA5NjAwLCJ2ZXJzaW9uIjpudWxsfSwidGZ3X3Nob3dfYmlyZHdhdGNoX3Bpdm90c19lbmFibGVkIjp7ImJ1Y2tldCI6Im9uIiwidmVyc2lvbiI6bnVsbH0sInRmd19kdXBsaWNhdGVfc2NyaWJlc190b19zZXR0aW5ncyI6eyJidWNrZXQiOiJvbiIsInZlcnNpb24iOm51bGx9LCJ0ZndfdXNlX3Byb2ZpbGVfaW1hZ2Vfc2hhcGVfZW5hYmxlZCI6eyJidWNrZXQiOiJvbiIsInZlcnNpb24iOm51bGx9LCJ0ZndfdmlkZW9faGxzX2R5bmFtaWNfbWFuaWZlc3RzXzE1MDgyIjp7ImJ1Y2tldCI6InRydWVfYml0cmF0ZSIsInZlcnNpb24iOm51bGx9LCJ0ZndfbGVnYWN5X3RpbWVsaW5lX3N1bnNldCI6eyJidWNrZXQiOnRydWUsInZlcnNpb24iOm51bGx9LCJ0ZndfdHdlZXRfZWRpdF9mcm9udGVuZCI6eyJidWNrZXQiOiJvbiIsInZlcnNpb24iOm51bGx9fQ%3D%3D&amp;frame=false&amp;hideCard=false&amp;hideThread=false&amp;id=1709923684029432091&amp;lang=es&amp;origin=https%3A%2F%2Fwww.lmneuquen.com%2Fdeportes%2Fscaloni-dio-la-lista-la-seleccion-sorpresas-y-una-ausencia-importante-n1062215&amp;sessionId=e4a65ba7410885390a73df380d23eb25d9ab7a79&amp;siteScreenName=LMNeuquen&amp;theme=light&amp;widgetsVersion=7e31f10ca29dc%3A1696453545681&amp;width=1920px\" frameborder=\"0\" scrolling=\"no\" allowfullscreen=\"allowfullscreen\" data-tweet-id=\"1709923684029432091\" data-mce-fragment=\"1\"><\/iframe><\/div>\n<\/div>\n<\/div>\n<\/div>\n<p>El zapalino\u00a0<strong>Marcos Acu\u00f1a\u00a0<\/strong>vuelve a la selecci\u00f3n despu\u00e9s de no haber podido estar en el comienzo de las Eliminatorias contra Ecuador y Bolivia. El neuquino se lesion\u00f3 jugando para Sevilla, pero ya se recuper\u00f3 y tuvo minutos ingresando desde el banco en los \u00faltimos partidos.<\/p>\n<p><strong>Giovani Lo Celso\u00a0<\/strong>super\u00f3 sus dificultades f\u00edsicas y es otro que retorna con muchas chances de pelear un lugar entre los titulares. Cabe recordar que se perdi\u00f3 el Mundial por lesi\u00f3n cuando era parte del once inicial de Scaloni.<\/p>\n<p>Regresa despu\u00e9s de mucho tiempo\u00a0<strong>Lucas Mart\u00ednez Quarta<\/strong>, el defensor de Fiorentina que supo ser titular en el comienzo del ciclo. Lo mismo ocurre con\u00a0<strong>Lucas Ocampos<\/strong>, que recupera terreno tras perderse la Copa Am\u00e9rica y el Mundial 2022.<\/p>\n<p>Un dato llamativo es la presencia de cuatro arqueros:\u00a0<strong>Emiliano Mart\u00ednez, Franco Armani, Walter Ben\u00edtez y Juan Musso.<\/strong><\/p>\n<p>De la \u00faltima citaci\u00f3n, tambi\u00e9n son baja\u00a0<strong>Facundo Medina, Marcos Senesi y Facundo Buonanotte,<\/strong>\u00a0por una decisi\u00f3n t\u00e1ctica.<\/p>\n<p>Argentina enfrentar\u00e1 a<strong>\u00a0Paraguay en el Monumental y Per\u00fa en Lima el jueves 12 y martes 17 de octubre,<\/strong>\u00a0respectivamente.<\/p>\n<h2>Con Mascherano a la sub 23<\/h2>\n<p>Tambi\u00e9n hay nombres que sorprenden, pero que seguramente estar\u00e1n entrenando con la sub 23 que dirige Javier Mascherano.<\/p>\n<p>Uno de ellos es\u00a0<strong>Facundo Far\u00edas<\/strong>. El futbolista surgido en Col\u00f3n de Santa Fe lleg\u00f3 hace algunas semanas al mencionado conjunto estadounidense donde milita el capit\u00e1n de la selecci\u00f3n.<\/p>\n<p>Otra cara nueva es\u00a0<strong>Marco Pellegrino<\/strong>, el marcador central que jugaba en Platense y arrib\u00f3 al Milan en el \u00faltimo mercado de pases. Se trata de un joven de 21 a\u00f1os que representa una gran apuesta para el club italiano.<\/p>\n<p>Desde Southampton se suma\u00a0<strong>Carlos Alcaraz<\/strong>, el volante ofensivo que sali\u00f3 de Racing y hoy milita en la Premier League. Tambi\u00e9n es la segunda convocatoria para el exBelgrano\u00a0<strong>Bruno Zapelli<\/strong>, el habilidoso futbolista que juega en Athletico Paranaense de Brasil. Desde la misma instituci\u00f3n, el lateral\u00a0<strong>Lucas Esquivel<\/strong>, que surgi\u00f3 en Uni\u00f3n, disfrutar\u00e1 de su primera citaci\u00f3n.<\/p>\n<div id=\"embed4_wrap\" class=\"embed_cont type_freetext\" contenteditable=\"false\">\n<div id=\"embed4_content\" class=\"embed_content\">\n<div id=\"embed4_embed\"><iframe id=\"instagram-embed-0\" class=\"instagram-media instagram-media-rendered\" src=\"https:\/\/www.instagram.com\/p\/Cx-GTU5N7rp\/embed\/captioned\/?cr=1&amp;v=14&amp;wp=675&amp;rd=https%3A%2F%2Fwww.lmneuquen.com&amp;rp=%2Fdeportes%2Fscaloni-dio-la-lista-la-seleccion-sorpresas-y-una-ausencia-importante-n1062215#%7B%22ci%22%3A0%2C%22os%22%3A198723.20000004768%2C%22ls%22%3A198355.80000007153%2C%22le%22%3A198717.10000002384%7D\" height=\"922\" frameborder=\"0\" scrolling=\"no\" allowfullscreen=\"allowfullscreen\" data-instgrm-payload-id=\"instagram-media-payload-0\" data-mce-fragment=\"1\"><\/iframe><\/div>\n<\/div>\n<\/div>\n<h2>El posteo de Di Mar\u00eda<\/h2>\n<p><strong>\u00c1ngel Di Mar\u00eda\u00a0<\/strong>realiz\u00f3 un posteo en las redes sociales sobre la lesi\u00f3n que sufri\u00f3, cuando disput\u00f3 el partido para Benfica ante el Inter por la Champions League.<\/p>\n<p>El argentino\u00a0<strong>tuvo que ser reemplazado en<\/strong>\u00a0el partido que su equipo visit\u00f3 al conjunto italiano, por la segunda jornada de la fase de grupos de la Champions League, ya que\u00a0<strong>sinti\u00f3 una molestia muscular<\/strong>. En medio de la incertidumbre sobre si llega o no a la pr\u00f3xima doble fecha de Eliminatorias,<strong>\u00a0realiz\u00f3 un posteo en Instagram acerca de su lesi\u00f3n.<\/strong><\/p>\n<p><strong>&#8220;Caerse y levantarse SIEMPRE, en cualquier situaci\u00f3n de la vida. Esta derrota y esta lesi\u00f3n solo me dan fuerzas para seguir trabajando y poder volver m\u00e1s fuerte&#8221;<\/strong>, escribi\u00f3 Fideo en su cuenta de Instagram. Este mi\u00e9rcoles le van a hacer estudios para definir si es o no un desgarro.<\/p>\n<p>Enseguida, Di Mar\u00eda\u00a0<strong>recibi\u00f3 el cari\u00f1o de muchos compa\u00f1eros de la Selecci\u00f3n.<\/strong>\u00a0Hubo mensajes de apoyo de Cristian &#8220;Cuti&#8221; Romero, Paulo Dybala, Enzo Fern\u00e1ndez, Nahuel Molina y m\u00e1s, pero sobresali\u00f3 el de Leandro Paredes: &#8220;Vamos, mi rey, levante la cabeza que se le cae la corona&#8221;, escribi\u00f3.<\/p>\n<\/section>\n<div class=\"banner-wrapper\">\n<div class=\"banner-libre\"><\/div>\n<\/div>\n","protected":false},"excerpt":{"rendered":"<p>Lionel Scaloni\u00a0volvi\u00f3 a sorprender como ya es habitual. Las citaciones para la selecci\u00f3n mayor suelen tener alguna sorpresa o apuesta que apunta a seguir renovando el equipo y continuar creciendo, m\u00e1s all\u00e1 de tratarse del combinado nacional campe\u00f3n de Am\u00e9rica y el mundo. El entrenador inform\u00f3 este jueves la n\u00f3mina para afrontar los partidos de [&hellip;]<\/p>\n","protected":false},"author":3,"featured_media":0,"comment_status":"open","ping_status":"open","sticky":false,"template":"","format":"standard","meta":{"_acf_changed":false,"footnotes":""},"categories":[1],"tags":[],"class_list":{"0":"post-4206","1":"post","2":"type-post","3":"status-publish","4":"format-standard","6":"category-sin-categoria"},"acf":[],"aioseo_notices":[],"_links":{"self":[{"href":"https:\/\/infosports.com.ar\/web\/wp-json\/wp\/v2\/posts\/4206","targetHints":{"allow":["GET"]}}],"collection":[{"href":"https:\/\/infosports.com.ar\/web\/wp-json\/wp\/v2\/posts"}],"about":[{"href":"https:\/\/infosports.com.ar\/web\/wp-json\/wp\/v2\/types\/post"}],"author":[{"embeddable":true,"href":"https:\/\/infosports.com.ar\/web\/wp-json\/wp\/v2\/users\/3"}],"replies":[{"embeddable":true,"href":"https:\/\/infosports.com.ar\/web\/wp-json\/wp\/v2\/comments?post=4206"}],"version-history":[{"count":1,"href":"https:\/\/infosports.com.ar\/web\/wp-json\/wp\/v2\/posts\/4206\/revisions"}],"predecessor-version":[{"id":4208,"href":"https:\/\/infosports.com.ar\/web\/wp-json\/wp\/v2\/posts\/4206\/revisions\/4208"}],"wp:attachment":[{"href":"https:\/\/infosports.com.ar\/web\/wp-json\/wp\/v2\/media?parent=4206"}],"wp:term":[{"taxonomy":"category","embeddable":true,"href":"https:\/\/infosports.com.ar\/web\/wp-json\/wp\/v2\/categories?post=4206"},{"taxonomy":"post_tag","embeddable":true,"href":"https:\/\/infosports.com.ar\/web\/wp-json\/wp\/v2\/tags?post=4206"}],"curies":[{"name":"wp","href":"https:\/\/api.w.org\/{rel}","templated":true}]}}