{"id":4216,"date":"2023-11-29T19:44:33","date_gmt":"2023-11-29T19:44:33","guid":{"rendered":"https:\/\/infosports.com.ar\/web\/?p=4216"},"modified":"2023-11-29T19:44:33","modified_gmt":"2023-11-29T19:44:33","slug":"4216-2","status":"publish","type":"post","link":"https:\/\/infosports.com.ar\/web\/4216-2\/","title":{"rendered":"Exitoso paso de la Traves\u00eda Kayakista por Catriel y 25 de Mayo"},"content":{"rendered":"<p>La Asociaci\u00f3n Amateur de Deportes N\u00e1uticos de Catriel junto a Luna y Pesca y Camping de Santa Rosa, se fusionaron y realizaron la 6ta traves\u00eda de Catriel y la 11ava traves\u00eda Pampeana con el fin de defender el R\u00edo Colorado y abrir camino al turismo regional.<!--more--><\/p>\n<p>Desde el s\u00e1bado 7 y domingo 8 de octubre con la presencia de 54 kayak y la movilidad de aproximadamente 90 personas de diferentes puntos geogr\u00e1ficos como General Pico, Colonia Bar\u00f3n, Macach\u00edn, Guatrache, Miguel Riglos, Gobernador Duval, Catrilo, Santa Rosa, Toay, General Acha, 25 de Mayo, Catriel, Rinc\u00f3n de los Sauce, Plottier y Neuqu\u00e9n, se llev\u00f3 adelante la incre\u00edble Traves\u00eda del Colorado.<\/p>\n<p><a href=\"https:\/\/infosports.com.ar\/web\/wp-content\/uploads\/2023\/10\/IMG-20231008-WA0142.jpg\"><img loading=\"lazy\" decoding=\"async\" class=\"alignnone wp-image-4218\" src=\"https:\/\/infosports.com.ar\/web\/wp-content\/uploads\/2023\/10\/IMG-20231008-WA0142-225x300.jpg\" alt=\"\" width=\"277\" height=\"369\" \/><\/a><\/p>\n<p>RIO COLORADO.<\/p>\n<p>La largada se realiz\u00f3 aproximadamente a las 9 30 desde el Solariego (l\u00edmite entre Mendoza y La Pampa, recorriendo unos 40 km rio abajo, hasta llegar al puesto de la familia P\u00e9rez, donde se realiz\u00f3 un acampe y en horario nocturno la cena agasajo donde se degustaron salamines y quesos pampeanos, para luego degustar un gran asado grupal, con la presencia de cervezas tiradas y la m\u00fasica del charango que son\u00f3 hasta las 3hs del d\u00eda domingo 8. Ya en la ma\u00f1ana se desayun\u00f3 con caf\u00e9 &#8211; mate y unas ricas tortas fritas para completar los 24 km que nos faltaban para llegar a la zona conocida como el Sauzal \u00f1, donde arribamos a las 14 hs<\/p>\n<p>Una vez en el Sauzal se realizo\u00a0 una chori paneada para dar por finalizado con la traves\u00eda.<\/p>\n<p>Cristian Pereyra, el Dr Gabriel Grondona y el referente Pampeano Guillermo Cuadrado resaltaron el compa\u00f1erismo del grupo, y la gran responsabilidad de encuadrar estas actividades n\u00e1uticas como esenciales para concienciar a la poblaci\u00f3n de la importancia del cuidado de los r\u00edos.<\/p>\n<p>Por su parte Cristian Pereyra, destac\u00f3 que el Rio Colorado, tiene un caudal \u00f3ptimo y viene con agua muy limpia, lo que ayud\u00f3 que la r3ga5a fuera un \u00e9xito, sumado a que los d\u00edas acompa\u00f1aron con climas extraordinarios.<\/p>\n<p>Los participantes de la regata pudieron obtener una vista \u00fanica a bardas y fauna aut\u00f3ctona con aromas incre\u00edbles a la vegetaci\u00f3n de la zona.<\/p>\n<p>As\u00ed se inici\u00f3 la temporada 2023 &#8211; 2024 de la Asociaci\u00f3n Amateur de Deportes N\u00e1uticos,<\/p>\n<p>Pr\u00f3ximamente estaremos realizando 2 traves\u00eda m\u00e1s la tradicional de 28 km aproximadamente, partiendo desde el puente dique, arribando al Barrio conocido como lote 14 y estamos contemplando en noviembre participar con la gente de Centenario, Cinco Saltos y Cordero de la Regata del R\u00edo Neuqu\u00e9n<\/p>\n<p>Para anotarse y m\u00e1s informaci\u00f3n comunicarse con los encargados de la traves\u00eda.<\/p>\n<p>Zona de Catriel, 25 de mayo, Rinc\u00f3n de los Sauces y Neuqu\u00e9n:<\/p>\n<p>Profesor Cristian Pereyra: 299 &#8211; 5722128<\/p>\n<p>Dr: Gabriel Grondona 299 &#8211; 5968930<\/p>\n<p>&nbsp;<\/p>\n<p>&nbsp;<\/p>\n","protected":false},"excerpt":{"rendered":"<p>La Asociaci\u00f3n Amateur de Deportes N\u00e1uticos de Catriel junto a Luna y Pesca y Camping de Santa Rosa, se fusionaron y realizaron la 6ta traves\u00eda de Catriel y la 11ava traves\u00eda Pampeana con el fin de defender el R\u00edo Colorado y abrir camino al turismo regional.<\/p>\n","protected":false},"author":3,"featured_media":0,"comment_status":"open","ping_status":"open","sticky":false,"template":"","format":"standard","meta":{"_acf_changed":false,"footnotes":""},"categories":[1],"tags":[],"class_list":{"0":"post-4216","1":"post","2":"type-post","3":"status-publish","4":"format-standard","6":"category-sin-categoria"},"acf":[],"aioseo_notices":[],"_links":{"self":[{"href":"https:\/\/infosports.com.ar\/web\/wp-json\/wp\/v2\/posts\/4216","targetHints":{"allow":["GET"]}}],"collection":[{"href":"https:\/\/infosports.com.ar\/web\/wp-json\/wp\/v2\/posts"}],"about":[{"href":"https:\/\/infosports.com.ar\/web\/wp-json\/wp\/v2\/types\/post"}],"author":[{"embeddable":true,"href":"https:\/\/infosports.com.ar\/web\/wp-json\/wp\/v2\/users\/3"}],"replies":[{"embeddable":true,"href":"https:\/\/infosports.com.ar\/web\/wp-json\/wp\/v2\/comments?post=4216"}],"version-history":[{"count":4,"href":"https:\/\/infosports.com.ar\/web\/wp-json\/wp\/v2\/posts\/4216\/revisions"}],"predecessor-version":[{"id":4222,"href":"https:\/\/infosports.com.ar\/web\/wp-json\/wp\/v2\/posts\/4216\/revisions\/4222"}],"wp:attachment":[{"href":"https:\/\/infosports.com.ar\/web\/wp-json\/wp\/v2\/media?parent=4216"}],"wp:term":[{"taxonomy":"category","embeddable":true,"href":"https:\/\/infosports.com.ar\/web\/wp-json\/wp\/v2\/categories?post=4216"},{"taxonomy":"post_tag","embeddable":true,"href":"https:\/\/infosports.com.ar\/web\/wp-json\/wp\/v2\/tags?post=4216"}],"curies":[{"name":"wp","href":"https:\/\/api.w.org\/{rel}","templated":true}]}}