{"id":4287,"date":"2023-11-29T19:44:33","date_gmt":"2023-11-29T19:44:33","guid":{"rendered":"https:\/\/infosports.com.ar\/web\/?p=4287"},"modified":"2023-11-29T19:44:33","modified_gmt":"2023-11-29T19:44:33","slug":"catriel-la-liga-municipal-de-voley-se-vive-este-fin-de-semana","status":"publish","type":"post","link":"https:\/\/infosports.com.ar\/web\/catriel-la-liga-municipal-de-voley-se-vive-este-fin-de-semana\/","title":{"rendered":"Catriel-La Liga Municipal de V\u00f3ley se vive este fin de semana"},"content":{"rendered":"<p>Este s\u00e1bado desde las 9 hs en el SUM municipal se desarrollar\u00e1 la Liga Municipal de Voley, en las ramas femenina y masculina, ambas en categor\u00edas libres.<!--more--><\/p>\n<p>En esta oportunidad se contar\u00e1 con equipos representativos de las localidades de 25 de Mayo (LP) y Villa Manzano (RN).<\/p>\n<p>La entrada para disfrutar de los encuentros es libre y gratuita<\/p>\n","protected":false},"excerpt":{"rendered":"<p>Este s\u00e1bado desde las 9 hs en el SUM municipal se desarrollar\u00e1 la Liga Municipal de Voley, en las ramas femenina y masculina, ambas en categor\u00edas libres.<\/p>\n","protected":false},"author":3,"featured_media":0,"comment_status":"open","ping_status":"open","sticky":false,"template":"","format":"standard","meta":{"_acf_changed":false,"footnotes":""},"categories":[1],"tags":[],"class_list":{"0":"post-4287","1":"post","2":"type-post","3":"status-publish","4":"format-standard","6":"category-sin-categoria"},"acf":[],"aioseo_notices":[],"_links":{"self":[{"href":"https:\/\/infosports.com.ar\/web\/wp-json\/wp\/v2\/posts\/4287","targetHints":{"allow":["GET"]}}],"collection":[{"href":"https:\/\/infosports.com.ar\/web\/wp-json\/wp\/v2\/posts"}],"about":[{"href":"https:\/\/infosports.com.ar\/web\/wp-json\/wp\/v2\/types\/post"}],"author":[{"embeddable":true,"href":"https:\/\/infosports.com.ar\/web\/wp-json\/wp\/v2\/users\/3"}],"replies":[{"embeddable":true,"href":"https:\/\/infosports.com.ar\/web\/wp-json\/wp\/v2\/comments?post=4287"}],"version-history":[{"count":1,"href":"https:\/\/infosports.com.ar\/web\/wp-json\/wp\/v2\/posts\/4287\/revisions"}],"predecessor-version":[{"id":4289,"href":"https:\/\/infosports.com.ar\/web\/wp-json\/wp\/v2\/posts\/4287\/revisions\/4289"}],"wp:attachment":[{"href":"https:\/\/infosports.com.ar\/web\/wp-json\/wp\/v2\/media?parent=4287"}],"wp:term":[{"taxonomy":"category","embeddable":true,"href":"https:\/\/infosports.com.ar\/web\/wp-json\/wp\/v2\/categories?post=4287"},{"taxonomy":"post_tag","embeddable":true,"href":"https:\/\/infosports.com.ar\/web\/wp-json\/wp\/v2\/tags?post=4287"}],"curies":[{"name":"wp","href":"https:\/\/api.w.org\/{rel}","templated":true}]}}